{"id":8036,"date":"2023-11-18T20:02:43","date_gmt":"2023-11-18T19:02:43","guid":{"rendered":"http:\/\/www.zssgorkabusko.pl\/?p=8036"},"modified":"2023-11-18T20:02:44","modified_gmt":"2023-11-18T19:02:44","slug":"smaki-jesieni-zamkniete-w-sloiku","status":"publish","type":"post","link":"https:\/\/www.zssgorkabusko.pl\/index.php\/2023\/11\/18\/smaki-jesieni-zamkniete-w-sloiku\/","title":{"rendered":"SMAKI JESIENI ZAMKNI\u0118TE W S\u0141OIKU"},"content":{"rendered":"\n<p>Owoce to doskona\u0142y materia\u0142 na przetwory jesienne. Odpowiednio przygotowane s\u0105 nie tylko smaczne, ale i pe\u0142ne cennych witamin. Dnia 15 listopada odby\u0142y si\u0119 zaj\u0119cia, kt\u00f3rych celem by\u0142o poznanie walor\u00f3w od\u017cywczych przetwor\u00f3w zrobionych z r\u00f3\u017cnorakich owoc\u00f3w. W trakcie zaj\u0119\u0107 wychowankowie rozmawiali o ulubionych przetworach owocowych, rozwi\u0105zywali krzy\u017c\u00f3wki <br>i rebusy oraz zaprojektowali i wykonali w\u0142asnor\u0119cznie etykiety na s\u0142oiki.<br><\/p>\n\n\n\n<p>Organizator\/Foto: Zdj\u0119cia wykonano aparatem fotograficznym Canon w ramach programu ,,Laboratoria Przysz\u0142o\u015bci&#8221;: Anna Fr\u0105czkiewicz Marta Karpowicz Ewa Tomala<\/p>\n\n\n\nngg_shortcode_0_placeholder\n","protected":false},"excerpt":{"rendered":"<p>Owoce to doskona\u0142y materia\u0142 na przetwory jesienne. Odpowiednio przygotowane s\u0105 nie tylko smaczne, ale i pe\u0142ne cennych witamin. Dnia 15 listopada odby\u0142y si\u0119 zaj\u0119cia, kt\u00f3rych celem by\u0142o poznanie walor\u00f3w od\u017cywczych przetwor\u00f3w zrobionych z r\u00f3\u017cnorakich owoc\u00f3w. W trakcie zaj\u0119\u0107 wychowankowie rozmawiali o ulubionych przetworach owocowych, rozwi\u0105zywali krzy\u017c\u00f3wki i rebusy oraz zaprojektowali i wykonali w\u0142asnor\u0119cznie etykiety na &#8230; <a title=\"SMAKI JESIENI ZAMKNI\u0118TE W S\u0141OIKU\" class=\"read-more\" href=\"https:\/\/www.zssgorkabusko.pl\/index.php\/2023\/11\/18\/smaki-jesieni-zamkniete-w-sloiku\/\" aria-label=\"Dowiedz si\u0119 wi\u0119cej o SMAKI JESIENI ZAMKNI\u0118TE W S\u0141OIKU\">Dowiedz si\u0119 wi\u0119cej<\/a><\/p>\n","protected":false},"author":2,"featured_media":0,"comment_status":"closed","ping_status":"open","sticky":false,"template":"","format":"standard","meta":{"ngg_post_thumbnail":0,"footnotes":""},"categories":[1],"tags":[],"class_list":["post-8036","post","type-post","status-publish","format-standard","hentry","category-bez-kategorii"],"_links":{"self":[{"href":"https:\/\/www.zssgorkabusko.pl\/index.php\/wp-json\/wp\/v2\/posts\/8036","targetHints":{"allow":["GET"]}}],"collection":[{"href":"https:\/\/www.zssgorkabusko.pl\/index.php\/wp-json\/wp\/v2\/posts"}],"about":[{"href":"https:\/\/www.zssgorkabusko.pl\/index.php\/wp-json\/wp\/v2\/types\/post"}],"author":[{"embeddable":true,"href":"https:\/\/www.zssgorkabusko.pl\/index.php\/wp-json\/wp\/v2\/users\/2"}],"replies":[{"embeddable":true,"href":"https:\/\/www.zssgorkabusko.pl\/index.php\/wp-json\/wp\/v2\/comments?post=8036"}],"version-history":[{"count":4,"href":"https:\/\/www.zssgorkabusko.pl\/index.php\/wp-json\/wp\/v2\/posts\/8036\/revisions"}],"predecessor-version":[{"id":8045,"href":"https:\/\/www.zssgorkabusko.pl\/index.php\/wp-json\/wp\/v2\/posts\/8036\/revisions\/8045"}],"wp:attachment":[{"href":"https:\/\/www.zssgorkabusko.pl\/index.php\/wp-json\/wp\/v2\/media?parent=8036"}],"wp:term":[{"taxonomy":"category","embeddable":true,"href":"https:\/\/www.zssgorkabusko.pl\/index.php\/wp-json\/wp\/v2\/categories?post=8036"},{"taxonomy":"post_tag","embeddable":true,"href":"https:\/\/www.zssgorkabusko.pl\/index.php\/wp-json\/wp\/v2\/tags?post=8036"}],"curies":[{"name":"wp","href":"https:\/\/api.w.org\/{rel}","templated":true}]}}