{"id":8219,"date":"2024-01-28T20:04:15","date_gmt":"2024-01-28T19:04:15","guid":{"rendered":"http:\/\/www.zssgorkabusko.pl\/?p=8219"},"modified":"2024-01-28T20:04:16","modified_gmt":"2024-01-28T19:04:16","slug":"jak-planowac-kariere-edukacyjno-zawodowa-spotkanie-z-doradca-zawodowym","status":"publish","type":"post","link":"https:\/\/www.zssgorkabusko.pl\/index.php\/2024\/01\/28\/jak-planowac-kariere-edukacyjno-zawodowa-spotkanie-z-doradca-zawodowym\/","title":{"rendered":"JAK PLANOWA\u0106 KARIER\u0118 EDUKACYJNO- ZAWODOW\u0104? \u2013 SPOTKANIE Z DORADC\u0104 ZAWODOWYM"},"content":{"rendered":"\n<p>\u201ePoznajemy siebie i pr\u00f3bujemy dokona\u0107 wyboru swojej \u017cyciowej drogi\u201d to temat spotkania <br>z pani\u0105 Joanna Kr\u00f3l-Korept\u0105, doradc\u0105 zawodowym z Powiatowego Urz\u0119du Pracy <br>w Busku- Zdroju. Uczniowie klas licealnych obecni na spotkaniu mogli dowiedzie\u0107 si\u0119, <br>\u017ce plan edukacyjno-zawodowy to ca\u0142okszta\u0142t zamierze\u0144 dotycz\u0105cych kszta\u0142cenia i pracy zawodowej a poj\u0119cie \u201ekariera edukacyjno-zawodowa\u201d oznacza przebieg realizacji za\u0142o\u017conego przez ucznia planu \u017cyciowego. <br>M\u0142odzie\u017c zapozna\u0142a si\u0119 tak\u017ce z zasadami, jakie nale\u017cy uwzgl\u0119dnia\u0107 przy wyborze przysz\u0142ej profesji oraz jak rozpoznawa\u0107 swoje mocne strony i sprecyzowa\u0107 predyspozycje zawodowe.<\/p>\n\n\n\n<p>Organizator\/Foto: Zdj\u0119cia wykonano aparatem fotograficznym Canon w ramach programu ,,Laboratoria Przysz\u0142o\u015bci&#8221;: El\u017cbieta Lotko-Pikul<\/p>\n\n\n<div class=\"wp-block-image\">\n<figure class=\"aligncenter size-full\"><img loading=\"lazy\" decoding=\"async\" width=\"640\" height=\"480\" src=\"http:\/\/www.zssgorkabusko.pl\/wp-content\/uploads\/2024\/01\/20240126_140515.jpg\" alt=\"\" class=\"wp-image-8224\" srcset=\"https:\/\/www.zssgorkabusko.pl\/wp-content\/uploads\/2024\/01\/20240126_140515.jpg 640w, https:\/\/www.zssgorkabusko.pl\/wp-content\/uploads\/2024\/01\/20240126_140515-300x225.jpg 300w\" sizes=\"auto, (max-width: 640px) 100vw, 640px\" \/><\/figure><\/div>","protected":false},"excerpt":{"rendered":"<p>\u201ePoznajemy siebie i pr\u00f3bujemy dokona\u0107 wyboru swojej \u017cyciowej drogi\u201d to temat spotkania z pani\u0105 Joanna Kr\u00f3l-Korept\u0105, doradc\u0105 zawodowym z Powiatowego Urz\u0119du Pracy w Busku- Zdroju. Uczniowie klas licealnych obecni na spotkaniu mogli dowiedzie\u0107 si\u0119, \u017ce plan edukacyjno-zawodowy to ca\u0142okszta\u0142t zamierze\u0144 dotycz\u0105cych kszta\u0142cenia i pracy zawodowej a poj\u0119cie \u201ekariera edukacyjno-zawodowa\u201d oznacza przebieg realizacji za\u0142o\u017conego przez ucznia &#8230; <a title=\"JAK PLANOWA\u0106 KARIER\u0118 EDUKACYJNO- ZAWODOW\u0104? \u2013 SPOTKANIE Z DORADC\u0104 ZAWODOWYM\" class=\"read-more\" href=\"https:\/\/www.zssgorkabusko.pl\/index.php\/2024\/01\/28\/jak-planowac-kariere-edukacyjno-zawodowa-spotkanie-z-doradca-zawodowym\/\" aria-label=\"Dowiedz si\u0119 wi\u0119cej o JAK PLANOWA\u0106 KARIER\u0118 EDUKACYJNO- ZAWODOW\u0104? \u2013 SPOTKANIE Z DORADC\u0104 ZAWODOWYM\">Dowiedz si\u0119 wi\u0119cej<\/a><\/p>\n","protected":false},"author":2,"featured_media":0,"comment_status":"closed","ping_status":"open","sticky":false,"template":"","format":"standard","meta":{"ngg_post_thumbnail":0,"footnotes":""},"categories":[1],"tags":[],"class_list":["post-8219","post","type-post","status-publish","format-standard","hentry","category-bez-kategorii"],"_links":{"self":[{"href":"https:\/\/www.zssgorkabusko.pl\/index.php\/wp-json\/wp\/v2\/posts\/8219","targetHints":{"allow":["GET"]}}],"collection":[{"href":"https:\/\/www.zssgorkabusko.pl\/index.php\/wp-json\/wp\/v2\/posts"}],"about":[{"href":"https:\/\/www.zssgorkabusko.pl\/index.php\/wp-json\/wp\/v2\/types\/post"}],"author":[{"embeddable":true,"href":"https:\/\/www.zssgorkabusko.pl\/index.php\/wp-json\/wp\/v2\/users\/2"}],"replies":[{"embeddable":true,"href":"https:\/\/www.zssgorkabusko.pl\/index.php\/wp-json\/wp\/v2\/comments?post=8219"}],"version-history":[{"count":5,"href":"https:\/\/www.zssgorkabusko.pl\/index.php\/wp-json\/wp\/v2\/posts\/8219\/revisions"}],"predecessor-version":[{"id":8225,"href":"https:\/\/www.zssgorkabusko.pl\/index.php\/wp-json\/wp\/v2\/posts\/8219\/revisions\/8225"}],"wp:attachment":[{"href":"https:\/\/www.zssgorkabusko.pl\/index.php\/wp-json\/wp\/v2\/media?parent=8219"}],"wp:term":[{"taxonomy":"category","embeddable":true,"href":"https:\/\/www.zssgorkabusko.pl\/index.php\/wp-json\/wp\/v2\/categories?post=8219"},{"taxonomy":"post_tag","embeddable":true,"href":"https:\/\/www.zssgorkabusko.pl\/index.php\/wp-json\/wp\/v2\/tags?post=8219"}],"curies":[{"name":"wp","href":"https:\/\/api.w.org\/{rel}","templated":true}]}}