{"id":8355,"date":"2024-02-27T20:19:00","date_gmt":"2024-02-27T19:19:00","guid":{"rendered":"http:\/\/www.zssgorkabusko.pl\/?p=8355"},"modified":"2024-02-27T20:19:01","modified_gmt":"2024-02-27T19:19:01","slug":"ferie-zimowe-2024","status":"publish","type":"post","link":"https:\/\/www.zssgorkabusko.pl\/index.php\/2024\/02\/27\/ferie-zimowe-2024\/","title":{"rendered":"FERIE ZIMOWE 2024"},"content":{"rendered":"\n<p>Ferie zimowe w naszej plac\u00f3wce by\u0142y pe\u0142ne r\u00f3\u017cnorodnych i interesuj\u0105cych wydarze\u0144, kt\u00f3re dostarczy\u0142y uczniom niezapomnianych wra\u017ce\u0144 oraz mo\u017cliwo\u015bci rozwoju i zabawy.<\/p>\n\n\n\n<p>Rozpocz\u0119li\u015bmy od organizacji turnieju w warcaby, kt\u00f3ry przyci\u0105gn\u0105\u0142 wielu wychowank\u00f3w. <br>Zaci\u0119ta rywalizacja, emocje towarzysz\u0105ce rozgrywkom oraz atmosfera fair play sprawi\u0142y, <br>\u017ce ka\u017cdy uczestnik m\u00f3g\u0142 poczu\u0107 si\u0119 jak prawdziwy mistrz gry planszowej.Kolejnym wydarzeniem by\u0142o zorganizowanie turnieju w ping ponga, kt\u00f3ry cieszy\u0142 si\u0119 ogromnym zainteresowaniem w\u015br\u00f3d mi\u0142o\u015bnik\u00f3w tej dyscypliny sportowej. Zawodnicy rywalizowali ze sob\u0105 w duchu sportowej przyja\u017ani, co dodatkowo umila\u0142o wsp\u00f3lnie sp\u0119dzony czas. <br>W ramach kulturalnego programu ferii przygotowali\u015bmy teatrzyk kukie\u0142kowy pt. &#8222;Kot w butach&#8221;. Uczniowie zaanga\u017cowani w przygotowanie przedstawienia zaprezentowali swoje umiej\u0119tno\u015bci aktorskie, co spotka\u0142o si\u0119 z entuzjastycznym przyj\u0119ciem ze strony widowni.<br>Kreatywno\u015bci\u0105 i zaanga\u017cowaniem wykaza\u0142y si\u0119 tak\u017ce dzieci podczas warsztat\u00f3w plastycznych, podczas kt\u00f3rych tworzy\u0142y &#8222;Wieloryby z materia\u0142\u00f3w z recyklingu&#8221;. Dzi\u0119ki temu zaj\u0119ciu nie tylko rozwija\u0142y swoje zdolno\u015bci manualne, ale tak\u017ce uczy\u0142y si\u0119 ochrony \u015brodowiska poprzez ponowne wykorzystanie materia\u0142\u00f3w.<\/p>\n\n\n\n<p>W duchu mi\u0142o\u015bci i empatii uczniowie wykonali r\u00f3wnie\u017c pi\u0119kne kartki walentynkowe <br>dla pensjonariuszy Hospicjum w Busku-Zdroju. Ich praca nie tylko sprawi\u0142a rado\u015b\u0107 osobom przebywaj\u0105cym w hospicjum, ale tak\u017ce uczy\u0142a ich warto\u015bci dzielenia si\u0119 mi\u0142o\u015bci\u0105 i \u017cyczliwo\u015bci\u0105 wobec innych.<\/p>\n\n\n\n<p>Podczas ferii zimowych w Zespole Szk\u00f3\u0142 Specjalnych w Busku-Zdroju nie zapomnieli\u015bmy r\u00f3wnie\u017c o \u015bwi\u0119towaniu Dnia J\u0119zyka Ojczystego. Z my\u015bl\u0105 o kreatywnym rozwijaniu umiej\u0119tno\u015bci j\u0119zykowych, zorganizowali\u015bmy r\u00f3\u017cnego rodzaju zabawy j\u0119zykowe. Uczniowie mieli okazj\u0119 wzi\u0105\u0107 udzia\u0142 w konkursach, \u0142amig\u0142\u00f3wkach j\u0119zykowych oraz zabawach s\u0142ownych, kt\u00f3re nie tylko rozwija\u0142y ich umiej\u0119tno\u015bci j\u0119zykowe, ale tak\u017ce sprawia\u0142y wiele rado\u015bci i satysfakcji.<\/p>\n\n\n\n<p>Nie zabrak\u0142o tak\u017ce konkurs\u00f3w i zabaw muzycznych, takich jak konkurs \u201eJajka to melodia\u201d <br>oraz \u201eJedz zdrowo i kolorowo\u201d, podczas kt\u00f3rego uczniowie przygotowywali pyszne i zdrowe kanapki i ciep\u0142e przek\u0105ski w postaci tost\u00f3w.<\/p>\n\n\n\n<p>Ferie zimowe to r\u00f3wnie\u017c czas aktywnego wypoczynku na \u015bwie\u017cym powietrzu. Organizowali\u015bmy spacery do parku zdrojowego i t\u0119\u017cni, gdzie nasi uczniowie mogli cieszy\u0107 si\u0119 pi\u0119knem przyrody <br>i korzysta\u0107 z dobroczynnego dzia\u0142ania inhalacji.Na zako\u0144czenie ferii nie mog\u0142o zabrakn\u0105\u0107 wizyty na lodowisku oraz zabaw przy muzyce, kt\u00f3re dostarczy\u0142y uczestnikom mn\u00f3stwo rado\u015bci i energii.<\/p>\n\n\n\n<p>Ferie zimowe w Zespole Szk\u00f3\u0142 Specjalnych w Busku-Zdroju by\u0142y wi\u0119c czasem pe\u0142nym aktywno\u015bci, zabawy, nauki oraz niesienia pomocy innym, co sprawi\u0142o, \u017ce ka\u017cdy uczestnik m\u00f3g\u0142 prze\u017cy\u0107 ten okres w spos\u00f3b wyj\u0105tkowy i satysfakcjonuj\u0105cy.<\/p>\n\n\n\n<p>Organizator\/foto: Zdj\u0119cia wykonano aparatem fotograficznym Canon w ramach programu ,,Laboratoria Przysz\u0142o\u015bci&#8221;: A. Mazur, A. Fr\u0105czkiewicz, I. Klepka, D. J\u00f3zefiak, M. Karpowicz, <br>M. Kwa\u015bniewski<\/p>\n\n\n\nngg_shortcode_0_placeholder\n","protected":false},"excerpt":{"rendered":"<p>Ferie zimowe w naszej plac\u00f3wce by\u0142y pe\u0142ne r\u00f3\u017cnorodnych i interesuj\u0105cych wydarze\u0144, kt\u00f3re dostarczy\u0142y uczniom niezapomnianych wra\u017ce\u0144 oraz mo\u017cliwo\u015bci rozwoju i zabawy. Rozpocz\u0119li\u015bmy od organizacji turnieju w warcaby, kt\u00f3ry przyci\u0105gn\u0105\u0142 wielu wychowank\u00f3w. Zaci\u0119ta rywalizacja, emocje towarzysz\u0105ce rozgrywkom oraz atmosfera fair play sprawi\u0142y, \u017ce ka\u017cdy uczestnik m\u00f3g\u0142 poczu\u0107 si\u0119 jak prawdziwy mistrz gry planszowej.Kolejnym wydarzeniem by\u0142o zorganizowanie &#8230; <a title=\"FERIE ZIMOWE 2024\" class=\"read-more\" href=\"https:\/\/www.zssgorkabusko.pl\/index.php\/2024\/02\/27\/ferie-zimowe-2024\/\" aria-label=\"Dowiedz si\u0119 wi\u0119cej o FERIE ZIMOWE 2024\">Dowiedz si\u0119 wi\u0119cej<\/a><\/p>\n","protected":false},"author":2,"featured_media":0,"comment_status":"closed","ping_status":"open","sticky":false,"template":"","format":"standard","meta":{"ngg_post_thumbnail":0,"footnotes":""},"categories":[1],"tags":[],"class_list":["post-8355","post","type-post","status-publish","format-standard","hentry","category-bez-kategorii"],"_links":{"self":[{"href":"https:\/\/www.zssgorkabusko.pl\/index.php\/wp-json\/wp\/v2\/posts\/8355","targetHints":{"allow":["GET"]}}],"collection":[{"href":"https:\/\/www.zssgorkabusko.pl\/index.php\/wp-json\/wp\/v2\/posts"}],"about":[{"href":"https:\/\/www.zssgorkabusko.pl\/index.php\/wp-json\/wp\/v2\/types\/post"}],"author":[{"embeddable":true,"href":"https:\/\/www.zssgorkabusko.pl\/index.php\/wp-json\/wp\/v2\/users\/2"}],"replies":[{"embeddable":true,"href":"https:\/\/www.zssgorkabusko.pl\/index.php\/wp-json\/wp\/v2\/comments?post=8355"}],"version-history":[{"count":11,"href":"https:\/\/www.zssgorkabusko.pl\/index.php\/wp-json\/wp\/v2\/posts\/8355\/revisions"}],"predecessor-version":[{"id":8372,"href":"https:\/\/www.zssgorkabusko.pl\/index.php\/wp-json\/wp\/v2\/posts\/8355\/revisions\/8372"}],"wp:attachment":[{"href":"https:\/\/www.zssgorkabusko.pl\/index.php\/wp-json\/wp\/v2\/media?parent=8355"}],"wp:term":[{"taxonomy":"category","embeddable":true,"href":"https:\/\/www.zssgorkabusko.pl\/index.php\/wp-json\/wp\/v2\/categories?post=8355"},{"taxonomy":"post_tag","embeddable":true,"href":"https:\/\/www.zssgorkabusko.pl\/index.php\/wp-json\/wp\/v2\/tags?post=8355"}],"curies":[{"name":"wp","href":"https:\/\/api.w.org\/{rel}","templated":true}]}}