{"id":8451,"date":"2024-04-06T20:28:03","date_gmt":"2024-04-06T18:28:03","guid":{"rendered":"http:\/\/www.zssgorkabusko.pl\/?p=8451"},"modified":"2024-04-06T20:28:04","modified_gmt":"2024-04-06T18:28:04","slug":"dzien-otwarty-punktu-konsultacyjnego-3","status":"publish","type":"post","link":"https:\/\/www.zssgorkabusko.pl\/index.php\/2024\/04\/06\/dzien-otwarty-punktu-konsultacyjnego-3\/","title":{"rendered":"DZIE\u0143 OTWARTY PUNKTU KONSULTACYJNEGO"},"content":{"rendered":"\n<p class=\"has-text-align-center\"><strong>Projekt \u015awi\u0119tokrzyskiego Kuratora O\u015bwiaty<\/strong><\/p>\n\n\n\n<p class=\"has-text-align-center\"><strong>,,Wsparcie szk\u00f3\u0142 og\u00f3lnodost\u0119pnych w realizacji zada\u0144 zwi\u0105zanych z kszta\u0142ceniem<\/strong><\/p>\n\n\n\n<p class=\"has-text-align-center\"><strong>&nbsp;&nbsp;&nbsp;&nbsp;&nbsp;&nbsp;&nbsp;&nbsp;&nbsp;&nbsp;&nbsp;&nbsp;&nbsp;&nbsp;&nbsp;&nbsp;&nbsp;&nbsp; uczni\u00f3w ze specjalnymi potrzebami edukacyjnymi i upowszechnianiem edukacji w\u0142\u0105czaj\u0105cej\u2019\u2019<\/strong><\/p>\n\n\n\n<p class=\"has-text-align-center\"><strong>ZAPROSZENIE<\/strong><\/p>\n\n\n\n<p>Serdecznie zapraszamy zainteresowanych nauczycieli i rodzic\u00f3w do udzia\u0142u w Dniu Otwartym Punktu Konsultacyjnego, kt\u00f3ry odb\u0119dzie si\u0119 w dniu 8 kwietnia 2024 r. w godzinach&nbsp; <br>od 15<sup>00<\/sup> do 17<sup>00<\/sup> w Zespole Szk\u00f3\u0142 Specjalnych w Busku-Zdroju.<\/p>\n\n\n\n<p>Wspieranie Pa\u0144stwa dzia\u0142a\u0144 w zakresie organizacji kszta\u0142cenia uczni\u00f3w ze specjalnymi potrzebami edukacyjnymi b\u0119dzie g\u0142\u00f3wnym tematem spotkania. Zostan\u0105 Pa\u0144stwu przekazane informacje dotycz\u0105ce pracy z dzie\u0107mi i m\u0142odzie\u017c\u0105 z chorobami przewlek\u0142ymi.<\/p>\n\n\n\n<p>Kadra Zespo\u0142u to nauczyciele posiadaj\u0105cy do\u015bwiadczenie w zakresie pedagogiki leczniczej, <br>a tak\u017ce oligofrenopedagogiki. Zgodnie z za\u0142o\u017ceniami realizowanego projektu do g\u0142\u00f3wnych zada\u0144 pedagog\u00f3w specjalnych zatrudnionych w Zespole nale\u017cy wspieranie dzia\u0142a\u0144 nauczycieli pracuj\u0105cych w szko\u0142ach og\u00f3lnodost\u0119pnych.<\/p>\n\n\n\n<p>Zakres oferowanego doradztwa dotyczy:<\/p>\n\n\n\n<p>&#8211; analizy potrzeb i rozwi\u0105zywania problem\u00f3w dydaktyczno-wychowawczych;<\/p>\n\n\n\n<p>&#8211; indywidualnego doboru metod pracy z uczniem;<\/p>\n\n\n\n<p>&#8211; pomocy w opracowaniu indywidualnych program\u00f3w edukacyjno-terapeutycznych.<\/p>\n\n\n\n<p>Bardzo prosimy o wcze\u015bniejszy kontakt telefoniczny, kt\u00f3ry umo\u017cliwi nam zaplanowanie konsultacji indywidualnych.<\/p>\n\n\n\n<p>Kontakt:<br>Agnieszka Kaszewska<br>Tel. 509&nbsp;596&nbsp;856&nbsp;&nbsp;&nbsp;&nbsp;&nbsp;&nbsp;&nbsp;&nbsp;&nbsp;&nbsp;&nbsp;&nbsp;&nbsp;&nbsp;<\/p>\n\n\n\n<p class=\"has-text-align-right\">&nbsp;Dyrektor i Nauczyciele<br>Zespo\u0142u Szk\u00f3\u0142 Specjalnych<\/p>\n\n\n\n<p class=\"has-text-align-right\">&nbsp;&nbsp;&nbsp;&nbsp;&nbsp;&nbsp;&nbsp;&nbsp;&nbsp;&nbsp;&nbsp;&nbsp;&nbsp;&nbsp;&nbsp;&nbsp;&nbsp;&nbsp;&nbsp;&nbsp;&nbsp;&nbsp;&nbsp;&nbsp;&nbsp;&nbsp;&nbsp;&nbsp;&nbsp;&nbsp;&nbsp;&nbsp;&nbsp;&nbsp;&nbsp;&nbsp;&nbsp;&nbsp;&nbsp;&nbsp;&nbsp;&nbsp;&nbsp;&nbsp;&nbsp;&nbsp;&nbsp;&nbsp;&nbsp;&nbsp;&nbsp;&nbsp;&nbsp;&nbsp;&nbsp;&nbsp;&nbsp;&nbsp;&nbsp;&nbsp;&nbsp;&nbsp;&nbsp;&nbsp;&nbsp;&nbsp;&nbsp;&nbsp;&nbsp;&nbsp;&nbsp;&nbsp;&nbsp;&nbsp;&nbsp;&nbsp;&nbsp;&nbsp;&nbsp;&nbsp;&nbsp;&nbsp;&nbsp;&nbsp;&nbsp;&nbsp;&nbsp;&nbsp;&nbsp;&nbsp;&nbsp;&nbsp;&nbsp;&nbsp;&nbsp;&nbsp;&nbsp;&nbsp;&nbsp;&nbsp;&nbsp;&nbsp;<\/p>\n","protected":false},"excerpt":{"rendered":"<p>Projekt \u015awi\u0119tokrzyskiego Kuratora O\u015bwiaty ,,Wsparcie szk\u00f3\u0142 og\u00f3lnodost\u0119pnych w realizacji zada\u0144 zwi\u0105zanych z kszta\u0142ceniem &nbsp;&nbsp;&nbsp;&nbsp;&nbsp;&nbsp;&nbsp;&nbsp;&nbsp;&nbsp;&nbsp;&nbsp;&nbsp;&nbsp;&nbsp;&nbsp;&nbsp;&nbsp; uczni\u00f3w ze specjalnymi potrzebami edukacyjnymi i upowszechnianiem edukacji w\u0142\u0105czaj\u0105cej\u2019\u2019 ZAPROSZENIE Serdecznie zapraszamy zainteresowanych nauczycieli i rodzic\u00f3w do udzia\u0142u w Dniu Otwartym Punktu Konsultacyjnego, kt\u00f3ry odb\u0119dzie si\u0119 w dniu 8 kwietnia 2024 r. w godzinach&nbsp; od 1500 do 1700 w Zespole Szk\u00f3\u0142 &#8230; <a title=\"DZIE\u0143 OTWARTY PUNKTU KONSULTACYJNEGO\" class=\"read-more\" href=\"https:\/\/www.zssgorkabusko.pl\/index.php\/2024\/04\/06\/dzien-otwarty-punktu-konsultacyjnego-3\/\" aria-label=\"Dowiedz si\u0119 wi\u0119cej o DZIE\u0143 OTWARTY PUNKTU KONSULTACYJNEGO\">Dowiedz si\u0119 wi\u0119cej<\/a><\/p>\n","protected":false},"author":2,"featured_media":0,"comment_status":"closed","ping_status":"open","sticky":false,"template":"","format":"standard","meta":{"ngg_post_thumbnail":0,"footnotes":""},"categories":[1],"tags":[],"class_list":["post-8451","post","type-post","status-publish","format-standard","hentry","category-bez-kategorii"],"_links":{"self":[{"href":"https:\/\/www.zssgorkabusko.pl\/index.php\/wp-json\/wp\/v2\/posts\/8451","targetHints":{"allow":["GET"]}}],"collection":[{"href":"https:\/\/www.zssgorkabusko.pl\/index.php\/wp-json\/wp\/v2\/posts"}],"about":[{"href":"https:\/\/www.zssgorkabusko.pl\/index.php\/wp-json\/wp\/v2\/types\/post"}],"author":[{"embeddable":true,"href":"https:\/\/www.zssgorkabusko.pl\/index.php\/wp-json\/wp\/v2\/users\/2"}],"replies":[{"embeddable":true,"href":"https:\/\/www.zssgorkabusko.pl\/index.php\/wp-json\/wp\/v2\/comments?post=8451"}],"version-history":[{"count":3,"href":"https:\/\/www.zssgorkabusko.pl\/index.php\/wp-json\/wp\/v2\/posts\/8451\/revisions"}],"predecessor-version":[{"id":8454,"href":"https:\/\/www.zssgorkabusko.pl\/index.php\/wp-json\/wp\/v2\/posts\/8451\/revisions\/8454"}],"wp:attachment":[{"href":"https:\/\/www.zssgorkabusko.pl\/index.php\/wp-json\/wp\/v2\/media?parent=8451"}],"wp:term":[{"taxonomy":"category","embeddable":true,"href":"https:\/\/www.zssgorkabusko.pl\/index.php\/wp-json\/wp\/v2\/categories?post=8451"},{"taxonomy":"post_tag","embeddable":true,"href":"https:\/\/www.zssgorkabusko.pl\/index.php\/wp-json\/wp\/v2\/tags?post=8451"}],"curies":[{"name":"wp","href":"https:\/\/api.w.org\/{rel}","templated":true}]}}