{"id":8497,"date":"2024-04-16T21:24:04","date_gmt":"2024-04-16T19:24:04","guid":{"rendered":"http:\/\/www.zssgorkabusko.pl\/?p=8497"},"modified":"2024-04-16T21:24:05","modified_gmt":"2024-04-16T19:24:05","slug":"swietujemy-dzien-ziemi","status":"publish","type":"post","link":"https:\/\/www.zssgorkabusko.pl\/index.php\/2024\/04\/16\/swietujemy-dzien-ziemi\/","title":{"rendered":"\u015aWI\u0118TUJEMY DZIE\u0143 ZIEMI"},"content":{"rendered":"\n<p>Dzie\u0144 Ziemi to najwi\u0119ksze mi\u0119dzynarodowe \u015bwi\u0119to ekologiczne. Powsta\u0142o ponad 50 lat temu, aby u\u015bwiadamia\u0107, jak wa\u017cn\u0105 kwesti\u0105 jest ochrona \u015brodowiska i \u015bwiadomo\u015b\u0107 pog\u0142\u0119biaj\u0105cego si\u0119 kryzysu. Na zbi\u00f3rce harcerskiej m\u0142odzie\u017c rozwi\u0105zuj\u0105c tematyczne krzy\u017c\u00f3wki zastanawia\u0142a si\u0119, <br>co mo\u017cna zrobi\u0107 dla Ziemi, jak mo\u017cna dba\u0107 o nasz\u0105 planet\u0119, jakie s\u0105 skutki globalnego ocieplenia. Wykorzystuj\u0105c klocki Lego pozyskane w ramach programu Laboratoria Przysz\u0142o\u015bci harcerze uk\u0142adali miniaturki pojemnik\u00f3w do segregacji odpad\u00f3w.<\/p>\n\n\n\n<p>Organizator\/Foto: Zdj\u0119cia wykonano aparatem fotograficznym Canon w ramach programu ,,Laboratoria Przysz\u0142o\u015bci&#8221;: E. Lotko-Pikul, M. Kilijanek<\/p>\n\n\n\nngg_shortcode_0_placeholder\n","protected":false},"excerpt":{"rendered":"<p>Dzie\u0144 Ziemi to najwi\u0119ksze mi\u0119dzynarodowe \u015bwi\u0119to ekologiczne. Powsta\u0142o ponad 50 lat temu, aby u\u015bwiadamia\u0107, jak wa\u017cn\u0105 kwesti\u0105 jest ochrona \u015brodowiska i \u015bwiadomo\u015b\u0107 pog\u0142\u0119biaj\u0105cego si\u0119 kryzysu. Na zbi\u00f3rce harcerskiej m\u0142odzie\u017c rozwi\u0105zuj\u0105c tematyczne krzy\u017c\u00f3wki zastanawia\u0142a si\u0119, co mo\u017cna zrobi\u0107 dla Ziemi, jak mo\u017cna dba\u0107 o nasz\u0105 planet\u0119, jakie s\u0105 skutki globalnego ocieplenia. Wykorzystuj\u0105c klocki Lego pozyskane w &#8230; <a title=\"\u015aWI\u0118TUJEMY DZIE\u0143 ZIEMI\" class=\"read-more\" href=\"https:\/\/www.zssgorkabusko.pl\/index.php\/2024\/04\/16\/swietujemy-dzien-ziemi\/\" aria-label=\"Dowiedz si\u0119 wi\u0119cej o \u015aWI\u0118TUJEMY DZIE\u0143 ZIEMI\">Dowiedz si\u0119 wi\u0119cej<\/a><\/p>\n","protected":false},"author":2,"featured_media":0,"comment_status":"closed","ping_status":"open","sticky":false,"template":"","format":"standard","meta":{"ngg_post_thumbnail":0,"footnotes":""},"categories":[1],"tags":[],"class_list":["post-8497","post","type-post","status-publish","format-standard","hentry","category-bez-kategorii"],"_links":{"self":[{"href":"https:\/\/www.zssgorkabusko.pl\/index.php\/wp-json\/wp\/v2\/posts\/8497","targetHints":{"allow":["GET"]}}],"collection":[{"href":"https:\/\/www.zssgorkabusko.pl\/index.php\/wp-json\/wp\/v2\/posts"}],"about":[{"href":"https:\/\/www.zssgorkabusko.pl\/index.php\/wp-json\/wp\/v2\/types\/post"}],"author":[{"embeddable":true,"href":"https:\/\/www.zssgorkabusko.pl\/index.php\/wp-json\/wp\/v2\/users\/2"}],"replies":[{"embeddable":true,"href":"https:\/\/www.zssgorkabusko.pl\/index.php\/wp-json\/wp\/v2\/comments?post=8497"}],"version-history":[{"count":4,"href":"https:\/\/www.zssgorkabusko.pl\/index.php\/wp-json\/wp\/v2\/posts\/8497\/revisions"}],"predecessor-version":[{"id":8513,"href":"https:\/\/www.zssgorkabusko.pl\/index.php\/wp-json\/wp\/v2\/posts\/8497\/revisions\/8513"}],"wp:attachment":[{"href":"https:\/\/www.zssgorkabusko.pl\/index.php\/wp-json\/wp\/v2\/media?parent=8497"}],"wp:term":[{"taxonomy":"category","embeddable":true,"href":"https:\/\/www.zssgorkabusko.pl\/index.php\/wp-json\/wp\/v2\/categories?post=8497"},{"taxonomy":"post_tag","embeddable":true,"href":"https:\/\/www.zssgorkabusko.pl\/index.php\/wp-json\/wp\/v2\/tags?post=8497"}],"curies":[{"name":"wp","href":"https:\/\/api.w.org\/{rel}","templated":true}]}}