{"id":8530,"date":"2024-04-23T21:11:51","date_gmt":"2024-04-23T19:11:51","guid":{"rendered":"http:\/\/www.zssgorkabusko.pl\/?p=8530"},"modified":"2024-04-25T20:52:19","modified_gmt":"2024-04-25T18:52:19","slug":"dzien-otwarty-punktu-konsultacyunego","status":"publish","type":"post","link":"https:\/\/www.zssgorkabusko.pl\/index.php\/2024\/04\/23\/dzien-otwarty-punktu-konsultacyunego\/","title":{"rendered":"DZIE\u0143 OTWARTY PUNKTU KONSULTACYUNEGO"},"content":{"rendered":"\n<p><strong>&nbsp;<\/strong>W&nbsp; ramach projektu realizowanego przez \u015awi\u0119tokrzyskiego Kuratora O\u015bwiaty ,,Wsparcie szk\u00f3\u0142 og\u00f3lnodost\u0119pnych w realizacji zada\u0144 zwi\u0105zanych z kszta\u0142ceniem uczni\u00f3w&nbsp; ze specjalnymi potrzebami edukacyjnymi i upowszechnianiem edukacji w\u0142\u0105czaj\u0105cej\u2019\u2019, 8 kwietnia 2024 roku, <br>w Zespole Szk\u00f3\u0142 Specjalnych w Busku-Zdroju&nbsp; zosta\u0142 zorganizowany Dzie\u0144 Otwarty Punktu Konsultacyjnego.<\/p>\n\n\n\n<p>W tym roku odwiedzili nas nauczyciele Publicznej Szko\u0142y Podstawowej nr 1 w Busku-Zdroju,\u00a0 Zespo\u0142u Szk\u00f3\u0142 Technicznych i Og\u00f3lnokszta\u0142c\u0105cych w Busku-Zdroju, Szko\u0142y Podstawowej <br>w Brzostkowie, Publicznej Szko\u0142y Podstawowej w Sies\u0142awicach, Niepublicznego Przedszkola Integracyjnego ,,Diamentowa D\u0142o\u0144&#8221; w Sies\u0142awicach.<\/p>\n\n\n\n<p>Zorganizowane spotkanie mia\u0142o charakter konsultacyjny, opieraj\u0105cy si\u0119 na wymianie&nbsp; do\u015bwiadcze\u0144 zawodowych oraz na poszukiwaniu rozwi\u0105za\u0144 merytorycznych, metodycznych <br>i organizacyjnych.<\/p>\n\n\n\n<p>Zosta\u0142a r\u00f3wnie\u017c przedstawiona specyfika pracy Zespo\u0142u ze szczeg\u00f3lnym zwr\u00f3ceniem uwagi <br>na kszta\u0142cenie uczni\u00f3w z chorobami przewlek\u0142ymi. Nauczyciele om\u00f3wili charakter prowadzonych dzia\u0142a\u0144 dydaktycznych i opieku\u0144czo-wychowawczych, kt\u00f3re maj\u0105 na celu wspomaganie procesu rehabilitacji dzieci niepe\u0142nosprawnych oraz zapewnienie im ci\u0105g\u0142o\u015bci nauczania.<\/p>\n\n\n\n<p>Nale\u017cy doda\u0107, i\u017c kadra Zespo\u0142u to nauczyciele posiadaj\u0105cy do\u015bwiadczenie z zakresu pedagogiki leczniczej,&nbsp;&nbsp; a tak\u017ce oligofrenopedagogiki. Zgodnie z za\u0142o\u017ceniami realizowanego programu <br>do g\u0142\u00f3wnych zada\u0144 pedagog\u00f3w specjalnych zatrudnionych w Zespole, nale\u017cy wspieranie dzia\u0142a\u0144 nauczycieli pracuj\u0105cych&nbsp; w szko\u0142ach og\u00f3lnodost\u0119pnych z uczniami ze specjalnymi potrzebami edukacyjnymi.<\/p>\n\n\n\n<p>Serdecznie dzi\u0119kujemy za przyj\u0119cie naszego zaproszenia oraz wsp\u00f3lnie sp\u0119dzony czas wype\u0142niony cennymi rozmowami.<\/p>\n\n\n\n<p class=\"has-text-align-right\">Organizatorzy<\/p>\n\n\n\nngg_shortcode_0_placeholder\n","protected":false},"excerpt":{"rendered":"<p>&nbsp;W&nbsp; ramach projektu realizowanego przez \u015awi\u0119tokrzyskiego Kuratora O\u015bwiaty ,,Wsparcie szk\u00f3\u0142 og\u00f3lnodost\u0119pnych w realizacji zada\u0144 zwi\u0105zanych z kszta\u0142ceniem uczni\u00f3w&nbsp; ze specjalnymi potrzebami edukacyjnymi i upowszechnianiem edukacji w\u0142\u0105czaj\u0105cej\u2019\u2019, 8 kwietnia 2024 roku, w Zespole Szk\u00f3\u0142 Specjalnych w Busku-Zdroju&nbsp; zosta\u0142 zorganizowany Dzie\u0144 Otwarty Punktu Konsultacyjnego. W tym roku odwiedzili nas nauczyciele Publicznej Szko\u0142y Podstawowej nr 1 w Busku-Zdroju,\u00a0 &#8230; <a title=\"DZIE\u0143 OTWARTY PUNKTU KONSULTACYUNEGO\" class=\"read-more\" href=\"https:\/\/www.zssgorkabusko.pl\/index.php\/2024\/04\/23\/dzien-otwarty-punktu-konsultacyunego\/\" aria-label=\"Dowiedz si\u0119 wi\u0119cej o DZIE\u0143 OTWARTY PUNKTU KONSULTACYUNEGO\">Dowiedz si\u0119 wi\u0119cej<\/a><\/p>\n","protected":false},"author":2,"featured_media":0,"comment_status":"closed","ping_status":"open","sticky":false,"template":"","format":"standard","meta":{"ngg_post_thumbnail":0,"footnotes":""},"categories":[1],"tags":[],"class_list":["post-8530","post","type-post","status-publish","format-standard","hentry","category-bez-kategorii"],"_links":{"self":[{"href":"https:\/\/www.zssgorkabusko.pl\/index.php\/wp-json\/wp\/v2\/posts\/8530","targetHints":{"allow":["GET"]}}],"collection":[{"href":"https:\/\/www.zssgorkabusko.pl\/index.php\/wp-json\/wp\/v2\/posts"}],"about":[{"href":"https:\/\/www.zssgorkabusko.pl\/index.php\/wp-json\/wp\/v2\/types\/post"}],"author":[{"embeddable":true,"href":"https:\/\/www.zssgorkabusko.pl\/index.php\/wp-json\/wp\/v2\/users\/2"}],"replies":[{"embeddable":true,"href":"https:\/\/www.zssgorkabusko.pl\/index.php\/wp-json\/wp\/v2\/comments?post=8530"}],"version-history":[{"count":5,"href":"https:\/\/www.zssgorkabusko.pl\/index.php\/wp-json\/wp\/v2\/posts\/8530\/revisions"}],"predecessor-version":[{"id":8543,"href":"https:\/\/www.zssgorkabusko.pl\/index.php\/wp-json\/wp\/v2\/posts\/8530\/revisions\/8543"}],"wp:attachment":[{"href":"https:\/\/www.zssgorkabusko.pl\/index.php\/wp-json\/wp\/v2\/media?parent=8530"}],"wp:term":[{"taxonomy":"category","embeddable":true,"href":"https:\/\/www.zssgorkabusko.pl\/index.php\/wp-json\/wp\/v2\/categories?post=8530"},{"taxonomy":"post_tag","embeddable":true,"href":"https:\/\/www.zssgorkabusko.pl\/index.php\/wp-json\/wp\/v2\/tags?post=8530"}],"curies":[{"name":"wp","href":"https:\/\/api.w.org\/{rel}","templated":true}]}}