{"id":8544,"date":"2024-04-27T20:09:27","date_gmt":"2024-04-27T18:09:27","guid":{"rendered":"http:\/\/www.zssgorkabusko.pl\/?p=8544"},"modified":"2024-04-27T20:09:28","modified_gmt":"2024-04-27T18:09:28","slug":"europejski-dzien-praw-pacjenta","status":"publish","type":"post","link":"https:\/\/www.zssgorkabusko.pl\/index.php\/2024\/04\/27\/europejski-dzien-praw-pacjenta\/","title":{"rendered":"EUROPEJSKI DZIE\u0143 PRAW PACJENTA"},"content":{"rendered":"\n<p>Europejski Dzie\u0144 Praw Pacjenta obchodzony jest w Unii Europejskiej 18 kwietnia. <br>W tym dniu przypomina si\u0119 o 14 podstawowych prawach zebranych w Europejskiej Karcie Praw Pacjenta, kt\u00f3re s\u0105 gwarantem wysokiego poziomu ochrony ludzkiego zdrowia. <br>Z tej okazji nasi wychowankowie czytali fragmenty ksi\u0105\u017cki \u201eKuba i Buba w szpitalu czyli prawie wszystko o prawach pacjenta\u201d, przegl\u0105dali dost\u0119pne na ten temat materia\u0142y oraz przygotowali ciekaw\u0105 gazetk\u0119 \u015bcienn\u0105.<\/p>\n\n\n\n<p>Organizator\/Foto: Zdj\u0119cia wykonano aparatem fotograficznym Canon w ramach programu ,,Laboratoria Przysz\u0142o\u015bci&#8221;: D. J\u00f3zefiak<\/p>\n\n\n<div class=\"wp-block-image\">\n<figure class=\"aligncenter size-large\"><img loading=\"lazy\" decoding=\"async\" width=\"682\" height=\"1024\" src=\"http:\/\/www.zssgorkabusko.pl\/wp-content\/uploads\/2024\/04\/Brown-and-White-Minimalist-Birthday-Photo-Collage_20240426_170406_0000-682x1024.png\" alt=\"\" class=\"wp-image-8546\" srcset=\"https:\/\/www.zssgorkabusko.pl\/wp-content\/uploads\/2024\/04\/Brown-and-White-Minimalist-Birthday-Photo-Collage_20240426_170406_0000-682x1024.png 682w, https:\/\/www.zssgorkabusko.pl\/wp-content\/uploads\/2024\/04\/Brown-and-White-Minimalist-Birthday-Photo-Collage_20240426_170406_0000-200x300.png 200w, https:\/\/www.zssgorkabusko.pl\/wp-content\/uploads\/2024\/04\/Brown-and-White-Minimalist-Birthday-Photo-Collage_20240426_170406_0000-768x1152.png 768w, https:\/\/www.zssgorkabusko.pl\/wp-content\/uploads\/2024\/04\/Brown-and-White-Minimalist-Birthday-Photo-Collage_20240426_170406_0000-1024x1536.png 1024w, https:\/\/www.zssgorkabusko.pl\/wp-content\/uploads\/2024\/04\/Brown-and-White-Minimalist-Birthday-Photo-Collage_20240426_170406_0000.png 1333w\" sizes=\"auto, (max-width: 682px) 100vw, 682px\" \/><\/figure><\/div>","protected":false},"excerpt":{"rendered":"<p>Europejski Dzie\u0144 Praw Pacjenta obchodzony jest w Unii Europejskiej 18 kwietnia. W tym dniu przypomina si\u0119 o 14 podstawowych prawach zebranych w Europejskiej Karcie Praw Pacjenta, kt\u00f3re s\u0105 gwarantem wysokiego poziomu ochrony ludzkiego zdrowia. Z tej okazji nasi wychowankowie czytali fragmenty ksi\u0105\u017cki \u201eKuba i Buba w szpitalu czyli prawie wszystko o prawach pacjenta\u201d, przegl\u0105dali dost\u0119pne &#8230; <a title=\"EUROPEJSKI DZIE\u0143 PRAW PACJENTA\" class=\"read-more\" href=\"https:\/\/www.zssgorkabusko.pl\/index.php\/2024\/04\/27\/europejski-dzien-praw-pacjenta\/\" aria-label=\"Dowiedz si\u0119 wi\u0119cej o EUROPEJSKI DZIE\u0143 PRAW PACJENTA\">Dowiedz si\u0119 wi\u0119cej<\/a><\/p>\n","protected":false},"author":2,"featured_media":0,"comment_status":"closed","ping_status":"open","sticky":false,"template":"","format":"standard","meta":{"ngg_post_thumbnail":0,"footnotes":""},"categories":[1],"tags":[],"class_list":["post-8544","post","type-post","status-publish","format-standard","hentry","category-bez-kategorii"],"_links":{"self":[{"href":"https:\/\/www.zssgorkabusko.pl\/index.php\/wp-json\/wp\/v2\/posts\/8544","targetHints":{"allow":["GET"]}}],"collection":[{"href":"https:\/\/www.zssgorkabusko.pl\/index.php\/wp-json\/wp\/v2\/posts"}],"about":[{"href":"https:\/\/www.zssgorkabusko.pl\/index.php\/wp-json\/wp\/v2\/types\/post"}],"author":[{"embeddable":true,"href":"https:\/\/www.zssgorkabusko.pl\/index.php\/wp-json\/wp\/v2\/users\/2"}],"replies":[{"embeddable":true,"href":"https:\/\/www.zssgorkabusko.pl\/index.php\/wp-json\/wp\/v2\/comments?post=8544"}],"version-history":[{"count":3,"href":"https:\/\/www.zssgorkabusko.pl\/index.php\/wp-json\/wp\/v2\/posts\/8544\/revisions"}],"predecessor-version":[{"id":8548,"href":"https:\/\/www.zssgorkabusko.pl\/index.php\/wp-json\/wp\/v2\/posts\/8544\/revisions\/8548"}],"wp:attachment":[{"href":"https:\/\/www.zssgorkabusko.pl\/index.php\/wp-json\/wp\/v2\/media?parent=8544"}],"wp:term":[{"taxonomy":"category","embeddable":true,"href":"https:\/\/www.zssgorkabusko.pl\/index.php\/wp-json\/wp\/v2\/categories?post=8544"},{"taxonomy":"post_tag","embeddable":true,"href":"https:\/\/www.zssgorkabusko.pl\/index.php\/wp-json\/wp\/v2\/tags?post=8544"}],"curies":[{"name":"wp","href":"https:\/\/api.w.org\/{rel}","templated":true}]}}