{"id":8606,"date":"2024-05-12T21:20:58","date_gmt":"2024-05-12T19:20:58","guid":{"rendered":"http:\/\/www.zssgorkabusko.pl\/?p=8606"},"modified":"2024-05-12T21:20:59","modified_gmt":"2024-05-12T19:20:59","slug":"20-rocznica-przystapienia-polski-do-unii-europejskiej","status":"publish","type":"post","link":"https:\/\/www.zssgorkabusko.pl\/index.php\/2024\/05\/12\/20-rocznica-przystapienia-polski-do-unii-europejskiej\/","title":{"rendered":"20. ROCZNICA PRZYST\u0104PIENIA POLSKI DO UNII EUROPEJSKIEJ"},"content":{"rendered":"\n<p>W 2024 roku obchodzimy 20. rocznic\u0119 przyst\u0105pienia Polski do Unii Europejskiej. Z tej okazji, harcerze spotkali si\u0119 na zbi\u00f3rce, kt\u00f3rej celem by\u0142a popularyzacja wiedzy na temat historii i zasad funkcjonowania UE oraz rozbudzanie u m\u0142odzie\u017cy zainteresowania problematyk\u0105 europejsk\u0105. <br>W czasie spotkania harcerze sprawdzili swoj\u0105 wiedz\u0119 w kr\u00f3tkim te\u015bcie o Unii Europejskiej <br>oraz uk\u0142adali z klock\u00f3w LEGO flagi pa\u0144stw- cz\u0142onk\u00f3w UE.<\/p>\n\n\n\n<p>Organizator\/Foto: Zdj\u0119cia wykonano aparatem fotograficznym kanon w ramach programu ,,Laboratoria Przysz\u0142o\u015bci: El\u017cbieta Lotko-Pikul, Marzena Kilijanek<\/p>\n\n\n\nngg_shortcode_0_placeholder\n","protected":false},"excerpt":{"rendered":"<p>W 2024 roku obchodzimy 20. rocznic\u0119 przyst\u0105pienia Polski do Unii Europejskiej. Z tej okazji, harcerze spotkali si\u0119 na zbi\u00f3rce, kt\u00f3rej celem by\u0142a popularyzacja wiedzy na temat historii i zasad funkcjonowania UE oraz rozbudzanie u m\u0142odzie\u017cy zainteresowania problematyk\u0105 europejsk\u0105. W czasie spotkania harcerze sprawdzili swoj\u0105 wiedz\u0119 w kr\u00f3tkim te\u015bcie o Unii Europejskiej oraz uk\u0142adali z klock\u00f3w &#8230; <a title=\"20. ROCZNICA PRZYST\u0104PIENIA POLSKI DO UNII EUROPEJSKIEJ\" class=\"read-more\" href=\"https:\/\/www.zssgorkabusko.pl\/index.php\/2024\/05\/12\/20-rocznica-przystapienia-polski-do-unii-europejskiej\/\" aria-label=\"Dowiedz si\u0119 wi\u0119cej o 20. ROCZNICA PRZYST\u0104PIENIA POLSKI DO UNII EUROPEJSKIEJ\">Dowiedz si\u0119 wi\u0119cej<\/a><\/p>\n","protected":false},"author":2,"featured_media":0,"comment_status":"closed","ping_status":"open","sticky":false,"template":"","format":"standard","meta":{"ngg_post_thumbnail":0,"footnotes":""},"categories":[1],"tags":[],"class_list":["post-8606","post","type-post","status-publish","format-standard","hentry","category-bez-kategorii"],"_links":{"self":[{"href":"https:\/\/www.zssgorkabusko.pl\/index.php\/wp-json\/wp\/v2\/posts\/8606","targetHints":{"allow":["GET"]}}],"collection":[{"href":"https:\/\/www.zssgorkabusko.pl\/index.php\/wp-json\/wp\/v2\/posts"}],"about":[{"href":"https:\/\/www.zssgorkabusko.pl\/index.php\/wp-json\/wp\/v2\/types\/post"}],"author":[{"embeddable":true,"href":"https:\/\/www.zssgorkabusko.pl\/index.php\/wp-json\/wp\/v2\/users\/2"}],"replies":[{"embeddable":true,"href":"https:\/\/www.zssgorkabusko.pl\/index.php\/wp-json\/wp\/v2\/comments?post=8606"}],"version-history":[{"count":4,"href":"https:\/\/www.zssgorkabusko.pl\/index.php\/wp-json\/wp\/v2\/posts\/8606\/revisions"}],"predecessor-version":[{"id":8614,"href":"https:\/\/www.zssgorkabusko.pl\/index.php\/wp-json\/wp\/v2\/posts\/8606\/revisions\/8614"}],"wp:attachment":[{"href":"https:\/\/www.zssgorkabusko.pl\/index.php\/wp-json\/wp\/v2\/media?parent=8606"}],"wp:term":[{"taxonomy":"category","embeddable":true,"href":"https:\/\/www.zssgorkabusko.pl\/index.php\/wp-json\/wp\/v2\/categories?post=8606"},{"taxonomy":"post_tag","embeddable":true,"href":"https:\/\/www.zssgorkabusko.pl\/index.php\/wp-json\/wp\/v2\/tags?post=8606"}],"curies":[{"name":"wp","href":"https:\/\/api.w.org\/{rel}","templated":true}]}}