{"id":8615,"date":"2024-05-16T07:17:48","date_gmt":"2024-05-16T05:17:48","guid":{"rendered":"http:\/\/www.zssgorkabusko.pl\/?p=8615"},"modified":"2024-05-16T07:17:48","modified_gmt":"2024-05-16T05:17:48","slug":"dzien-bibliotekarza-i-bibliotek","status":"publish","type":"post","link":"https:\/\/www.zssgorkabusko.pl\/index.php\/2024\/05\/16\/dzien-bibliotekarza-i-bibliotek\/","title":{"rendered":"DZIE\u0143 BIBLIOTEKARZA I BIBLIOTEK"},"content":{"rendered":"\n<p><strong>,,Biblioteka jest miejscem dla ka\u017cdego.\u2019\u2019<\/strong><\/p>\n\n\n\n<p>8 maja obchodzony jest Dzie\u0144 Bibliotekarza i Bibliotek. Z tej okazji wychowankowie specjalnych grup wychowawczych spotkali si\u0119 z Pani\u0105 bibliotekarka Agnieszk\u0105, kt\u00f3ra opowiedzia\u0142a&nbsp; wychowankom na czym polega praca bibliotekarza, zapozna\u0142a wychowank\u00f3w z budow\u0105 ksi\u0105\u017cki oraz histori\u0105 jej powstawania na przestrzeni wiek\u00f3w, pocz\u0105wszy od staro\u017cytno\u015bci. <br>Nast\u0119pnie wychowankowie rozwi\u0105zywali&nbsp; krzy\u017c\u00f3wki, quizy, zagadki. Na zako\u0144czenie zaj\u0119\u0107 projektowali i rysowali stron\u0119 tytu\u0142ow\u0105 ulubionej ksi\u0105\u017cki.<\/p>\n\n\n\n<p>Organizator\/Foto: Zdj\u0119cia wykonano aparatem fotograficznym Canon w ramach programu ,,Laboratoria Przysz\u0142o\u015bci&#8221;: M. Karpowicz, A. Kaszewska<\/p>\n\n\n\nngg_shortcode_0_placeholder\n","protected":false},"excerpt":{"rendered":"<p>,,Biblioteka jest miejscem dla ka\u017cdego.\u2019\u2019 8 maja obchodzony jest Dzie\u0144 Bibliotekarza i Bibliotek. Z tej okazji wychowankowie specjalnych grup wychowawczych spotkali si\u0119 z Pani\u0105 bibliotekarka Agnieszk\u0105, kt\u00f3ra opowiedzia\u0142a&nbsp; wychowankom na czym polega praca bibliotekarza, zapozna\u0142a wychowank\u00f3w z budow\u0105 ksi\u0105\u017cki oraz histori\u0105 jej powstawania na przestrzeni wiek\u00f3w, pocz\u0105wszy od staro\u017cytno\u015bci. Nast\u0119pnie wychowankowie rozwi\u0105zywali&nbsp; krzy\u017c\u00f3wki, quizy, zagadki. &#8230; <a title=\"DZIE\u0143 BIBLIOTEKARZA I BIBLIOTEK\" class=\"read-more\" href=\"https:\/\/www.zssgorkabusko.pl\/index.php\/2024\/05\/16\/dzien-bibliotekarza-i-bibliotek\/\" aria-label=\"Dowiedz si\u0119 wi\u0119cej o DZIE\u0143 BIBLIOTEKARZA I BIBLIOTEK\">Dowiedz si\u0119 wi\u0119cej<\/a><\/p>\n","protected":false},"author":2,"featured_media":0,"comment_status":"closed","ping_status":"open","sticky":false,"template":"","format":"standard","meta":{"ngg_post_thumbnail":0,"footnotes":""},"categories":[1],"tags":[],"class_list":["post-8615","post","type-post","status-publish","format-standard","hentry","category-bez-kategorii"],"_links":{"self":[{"href":"https:\/\/www.zssgorkabusko.pl\/index.php\/wp-json\/wp\/v2\/posts\/8615","targetHints":{"allow":["GET"]}}],"collection":[{"href":"https:\/\/www.zssgorkabusko.pl\/index.php\/wp-json\/wp\/v2\/posts"}],"about":[{"href":"https:\/\/www.zssgorkabusko.pl\/index.php\/wp-json\/wp\/v2\/types\/post"}],"author":[{"embeddable":true,"href":"https:\/\/www.zssgorkabusko.pl\/index.php\/wp-json\/wp\/v2\/users\/2"}],"replies":[{"embeddable":true,"href":"https:\/\/www.zssgorkabusko.pl\/index.php\/wp-json\/wp\/v2\/comments?post=8615"}],"version-history":[{"count":3,"href":"https:\/\/www.zssgorkabusko.pl\/index.php\/wp-json\/wp\/v2\/posts\/8615\/revisions"}],"predecessor-version":[{"id":8624,"href":"https:\/\/www.zssgorkabusko.pl\/index.php\/wp-json\/wp\/v2\/posts\/8615\/revisions\/8624"}],"wp:attachment":[{"href":"https:\/\/www.zssgorkabusko.pl\/index.php\/wp-json\/wp\/v2\/media?parent=8615"}],"wp:term":[{"taxonomy":"category","embeddable":true,"href":"https:\/\/www.zssgorkabusko.pl\/index.php\/wp-json\/wp\/v2\/categories?post=8615"},{"taxonomy":"post_tag","embeddable":true,"href":"https:\/\/www.zssgorkabusko.pl\/index.php\/wp-json\/wp\/v2\/tags?post=8615"}],"curies":[{"name":"wp","href":"https:\/\/api.w.org\/{rel}","templated":true}]}}