{"id":8783,"date":"2024-06-27T21:14:28","date_gmt":"2024-06-27T19:14:28","guid":{"rendered":"http:\/\/www.zssgorkabusko.pl\/?p=8783"},"modified":"2024-06-27T21:14:29","modified_gmt":"2024-06-27T19:14:29","slug":"zakonczenie-roku-szkolnego","status":"publish","type":"post","link":"https:\/\/www.zssgorkabusko.pl\/index.php\/2024\/06\/27\/zakonczenie-roku-szkolnego\/","title":{"rendered":"ZAKO\u0143CZENIE ROKU SZKOLNEGO"},"content":{"rendered":"\n<p>Rok szkolny 2023\/2024 uczniowie Zespo\u0142u Szk\u00f3\u0142 Specjalnych po\u017cegnali 21 czerwca. <br>W uroczystej akademii uczestniczyli uczniowie, rodzice i&nbsp; nauczyciele. Swoj\u0105 obecno\u015bci\u0105 zaszczycili nas zaproszeni go\u015bcie: Wicestarosta Powiatu Buskiego Pan Stanis\u0142aw Klimczak, <br>Prezes Uzdrowiska Pani Ma\u0142gorzata Wi\u015bniewska, Dyrektor Pionu Zarz\u0105du Pan Andrzej Solarski,&nbsp; Kierownik Administracji Szpitala \u201eG\u00f3rka\u201d w Busku-Zdroju Pan Adrian Jamro\u017cy.<\/p>\n\n\n\n<p>Nasi uczniowie otrzymali dyplomy i nagrody, kt\u00f3re zosta\u0142y wr\u0119czone przez <br>Pana Stanis\u0142awa Klimczaka. W przygotowanym programie artystycznym uczniowie <br>podzi\u0119kowali swoim nauczycielom za przekazan\u0105 wiedz\u0119, cierpliwo\u015b\u0107 oraz trud wychowania. <br>Z rado\u015bci\u0105 przywitali ten swobodny, letni czas, kt\u00f3ry zapewne zostanie wype\u0142niony mn\u00f3stwem przyg\u00f3d, zabaw i wspania\u0142ych wypraw.<\/p>\n\n\n\n<p>Dyrektor Zespo\u0142u Szk\u00f3\u0142 Specjalnych Pani Justyna Kwiatkowska, podczas swojego przem\u00f3wienia, podzi\u0119kowa\u0142a nauczycielom za wsp\u00f3ln\u0105 prac\u0119 oraz \u017cyczy\u0142a uczniom bezpiecznych i s\u0142onecznych wakacji. Na zako\u0144czenie spotkania uczniowie otrzymali s\u0142odycze, a symboliczny d\u017awi\u0119k szkolnego dzwonka oznajmi\u0142 rozpocz\u0119cie wyczekiwanego odpoczynku.<\/p>\n\n\n\n<p>Organizator\/Foto: Zdj\u0119cia wykonano aparatem fotograficznym Canon w ramach programu ,,laboratoria Przysz\u0142o\u015bci&#8221;: M. Sempio\u0142, B. Bitner-Sarna, A. Kaszewska, E. Lotko-Pikul, M. Kilijanek, <br>J. Pasternak, E. Borecka<\/p>\n\n\n\nngg_shortcode_0_placeholder\n","protected":false},"excerpt":{"rendered":"<p>Rok szkolny 2023\/2024 uczniowie Zespo\u0142u Szk\u00f3\u0142 Specjalnych po\u017cegnali 21 czerwca. W uroczystej akademii uczestniczyli uczniowie, rodzice i&nbsp; nauczyciele. Swoj\u0105 obecno\u015bci\u0105 zaszczycili nas zaproszeni go\u015bcie: Wicestarosta Powiatu Buskiego Pan Stanis\u0142aw Klimczak, Prezes Uzdrowiska Pani Ma\u0142gorzata Wi\u015bniewska, Dyrektor Pionu Zarz\u0105du Pan Andrzej Solarski,&nbsp; Kierownik Administracji Szpitala \u201eG\u00f3rka\u201d w Busku-Zdroju Pan Adrian Jamro\u017cy. Nasi uczniowie otrzymali dyplomy i &#8230; <a title=\"ZAKO\u0143CZENIE ROKU SZKOLNEGO\" class=\"read-more\" href=\"https:\/\/www.zssgorkabusko.pl\/index.php\/2024\/06\/27\/zakonczenie-roku-szkolnego\/\" aria-label=\"Dowiedz si\u0119 wi\u0119cej o ZAKO\u0143CZENIE ROKU SZKOLNEGO\">Dowiedz si\u0119 wi\u0119cej<\/a><\/p>\n","protected":false},"author":2,"featured_media":0,"comment_status":"closed","ping_status":"open","sticky":false,"template":"","format":"standard","meta":{"ngg_post_thumbnail":0,"footnotes":""},"categories":[1],"tags":[],"class_list":["post-8783","post","type-post","status-publish","format-standard","hentry","category-bez-kategorii"],"_links":{"self":[{"href":"https:\/\/www.zssgorkabusko.pl\/index.php\/wp-json\/wp\/v2\/posts\/8783","targetHints":{"allow":["GET"]}}],"collection":[{"href":"https:\/\/www.zssgorkabusko.pl\/index.php\/wp-json\/wp\/v2\/posts"}],"about":[{"href":"https:\/\/www.zssgorkabusko.pl\/index.php\/wp-json\/wp\/v2\/types\/post"}],"author":[{"embeddable":true,"href":"https:\/\/www.zssgorkabusko.pl\/index.php\/wp-json\/wp\/v2\/users\/2"}],"replies":[{"embeddable":true,"href":"https:\/\/www.zssgorkabusko.pl\/index.php\/wp-json\/wp\/v2\/comments?post=8783"}],"version-history":[{"count":7,"href":"https:\/\/www.zssgorkabusko.pl\/index.php\/wp-json\/wp\/v2\/posts\/8783\/revisions"}],"predecessor-version":[{"id":8803,"href":"https:\/\/www.zssgorkabusko.pl\/index.php\/wp-json\/wp\/v2\/posts\/8783\/revisions\/8803"}],"wp:attachment":[{"href":"https:\/\/www.zssgorkabusko.pl\/index.php\/wp-json\/wp\/v2\/media?parent=8783"}],"wp:term":[{"taxonomy":"category","embeddable":true,"href":"https:\/\/www.zssgorkabusko.pl\/index.php\/wp-json\/wp\/v2\/categories?post=8783"},{"taxonomy":"post_tag","embeddable":true,"href":"https:\/\/www.zssgorkabusko.pl\/index.php\/wp-json\/wp\/v2\/tags?post=8783"}],"curies":[{"name":"wp","href":"https:\/\/api.w.org\/{rel}","templated":true}]}}