{"id":8895,"date":"2024-09-03T22:16:23","date_gmt":"2024-09-03T20:16:23","guid":{"rendered":"http:\/\/www.zssgorkabusko.pl\/?p=8895"},"modified":"2024-09-05T19:48:03","modified_gmt":"2024-09-05T17:48:03","slug":"rozpoczecie-roku-szkolnego-2024-2025","status":"publish","type":"post","link":"https:\/\/www.zssgorkabusko.pl\/index.php\/2024\/09\/03\/rozpoczecie-roku-szkolnego-2024-2025\/","title":{"rendered":"ROZPOCZ\u0118CIE ROKU SZKOLNEGO 2024\/2025"},"content":{"rendered":"\n<p>Dnia 2 wrze\u015bnia&nbsp; 2024 roku o godzinie 10.00 oby\u0142o si\u0119 uroczyste rozpocz\u0119cie nowego roku szkolnego 2024\/2025. Uczniowie, rodzice i nauczyciele zgromadzili si\u0119 na tarasie oddzia\u0142u III. <br>Pani Dyrektor Justyna Kwiatkowska powita\u0142a wszystkich obecnych. Nast\u0119pnie przedstawi\u0142a organizacj\u0119 pracy naszej szko\u0142y i \u017cyczy\u0142a powodzenia w nowym roku szkolnym uczniom <br>i nauczycielom. Na zako\u0144czenie uroczysto\u015bci uczniowie spotkali si\u0119 z klasowymi wychowawcami.<\/p>\n\n\n\n<p>Organizator\/foto: Zdj\u0119cia wykonano aparatem fotograficznym Canon w ramach programu ,,Laboratoria Przysz\u0142o\u015bci&#8221;: M. Kilijanek, E. Lotko-Pikul, A. Kaszewska, B. Bitner-Sarna, J. Pasternak<\/p>\n\n\n\n<figure class=\"wp-block-gallery has-nested-images columns-default is-cropped wp-block-gallery-1 is-layout-flex wp-block-gallery-is-layout-flex\">\n<figure class=\"wp-block-image size-large\"><img loading=\"lazy\" decoding=\"async\" width=\"640\" height=\"465\" data-id=\"8898\" src=\"http:\/\/www.zssgorkabusko.pl\/wp-content\/uploads\/2024\/09\/20240902_093709.jpg\" alt=\"\" class=\"wp-image-8898\" srcset=\"https:\/\/www.zssgorkabusko.pl\/wp-content\/uploads\/2024\/09\/20240902_093709.jpg 640w, https:\/\/www.zssgorkabusko.pl\/wp-content\/uploads\/2024\/09\/20240902_093709-300x218.jpg 300w\" sizes=\"auto, (max-width: 640px) 100vw, 640px\" \/><\/figure>\n\n\n\n<figure class=\"wp-block-image size-large\"><img loading=\"lazy\" decoding=\"async\" width=\"640\" height=\"480\" data-id=\"8897\" src=\"http:\/\/www.zssgorkabusko.pl\/wp-content\/uploads\/2024\/09\/20240902_095138.jpg\" alt=\"\" class=\"wp-image-8897\" srcset=\"https:\/\/www.zssgorkabusko.pl\/wp-content\/uploads\/2024\/09\/20240902_095138.jpg 640w, https:\/\/www.zssgorkabusko.pl\/wp-content\/uploads\/2024\/09\/20240902_095138-300x225.jpg 300w\" sizes=\"auto, (max-width: 640px) 100vw, 640px\" \/><\/figure>\n<\/figure>\n\n\n<div class=\"wp-block-image\">\n<figure class=\"aligncenter size-full\"><img loading=\"lazy\" decoding=\"async\" width=\"640\" height=\"312\" src=\"http:\/\/www.zssgorkabusko.pl\/wp-content\/uploads\/2024\/09\/20240902_095623.jpg\" alt=\"\" class=\"wp-image-8902\" srcset=\"https:\/\/www.zssgorkabusko.pl\/wp-content\/uploads\/2024\/09\/20240902_095623.jpg 640w, https:\/\/www.zssgorkabusko.pl\/wp-content\/uploads\/2024\/09\/20240902_095623-300x146.jpg 300w\" sizes=\"auto, (max-width: 640px) 100vw, 640px\" \/><\/figure><\/div>","protected":false},"excerpt":{"rendered":"<p>Dnia 2 wrze\u015bnia&nbsp; 2024 roku o godzinie 10.00 oby\u0142o si\u0119 uroczyste rozpocz\u0119cie nowego roku szkolnego 2024\/2025. Uczniowie, rodzice i nauczyciele zgromadzili si\u0119 na tarasie oddzia\u0142u III. Pani Dyrektor Justyna Kwiatkowska powita\u0142a wszystkich obecnych. Nast\u0119pnie przedstawi\u0142a organizacj\u0119 pracy naszej szko\u0142y i \u017cyczy\u0142a powodzenia w nowym roku szkolnym uczniom i nauczycielom. Na zako\u0144czenie uroczysto\u015bci uczniowie spotkali si\u0119 &#8230; <a title=\"ROZPOCZ\u0118CIE ROKU SZKOLNEGO 2024\/2025\" class=\"read-more\" href=\"https:\/\/www.zssgorkabusko.pl\/index.php\/2024\/09\/03\/rozpoczecie-roku-szkolnego-2024-2025\/\" aria-label=\"Dowiedz si\u0119 wi\u0119cej o ROZPOCZ\u0118CIE ROKU SZKOLNEGO 2024\/2025\">Dowiedz si\u0119 wi\u0119cej<\/a><\/p>\n","protected":false},"author":2,"featured_media":0,"comment_status":"closed","ping_status":"open","sticky":false,"template":"","format":"standard","meta":{"ngg_post_thumbnail":0,"footnotes":""},"categories":[1],"tags":[],"class_list":["post-8895","post","type-post","status-publish","format-standard","hentry","category-bez-kategorii"],"_links":{"self":[{"href":"https:\/\/www.zssgorkabusko.pl\/index.php\/wp-json\/wp\/v2\/posts\/8895","targetHints":{"allow":["GET"]}}],"collection":[{"href":"https:\/\/www.zssgorkabusko.pl\/index.php\/wp-json\/wp\/v2\/posts"}],"about":[{"href":"https:\/\/www.zssgorkabusko.pl\/index.php\/wp-json\/wp\/v2\/types\/post"}],"author":[{"embeddable":true,"href":"https:\/\/www.zssgorkabusko.pl\/index.php\/wp-json\/wp\/v2\/users\/2"}],"replies":[{"embeddable":true,"href":"https:\/\/www.zssgorkabusko.pl\/index.php\/wp-json\/wp\/v2\/comments?post=8895"}],"version-history":[{"count":4,"href":"https:\/\/www.zssgorkabusko.pl\/index.php\/wp-json\/wp\/v2\/posts\/8895\/revisions"}],"predecessor-version":[{"id":8903,"href":"https:\/\/www.zssgorkabusko.pl\/index.php\/wp-json\/wp\/v2\/posts\/8895\/revisions\/8903"}],"wp:attachment":[{"href":"https:\/\/www.zssgorkabusko.pl\/index.php\/wp-json\/wp\/v2\/media?parent=8895"}],"wp:term":[{"taxonomy":"category","embeddable":true,"href":"https:\/\/www.zssgorkabusko.pl\/index.php\/wp-json\/wp\/v2\/categories?post=8895"},{"taxonomy":"post_tag","embeddable":true,"href":"https:\/\/www.zssgorkabusko.pl\/index.php\/wp-json\/wp\/v2\/tags?post=8895"}],"curies":[{"name":"wp","href":"https:\/\/api.w.org\/{rel}","templated":true}]}}