{"id":8951,"date":"2024-09-25T21:10:08","date_gmt":"2024-09-25T19:10:08","guid":{"rendered":"http:\/\/www.zssgorkabusko.pl\/?p=8951"},"modified":"2024-09-25T21:10:09","modified_gmt":"2024-09-25T19:10:09","slug":"festyn-bezieczny-senior","status":"publish","type":"post","link":"https:\/\/www.zssgorkabusko.pl\/index.php\/2024\/09\/25\/festyn-bezieczny-senior\/","title":{"rendered":"FESTYN ,,BEZIECZNY SENIOR&#8221;"},"content":{"rendered":"\n<p>W dniu 21 wrze\u015bnia 2024 roku w Parku Zdrojowym w Busku- Zdroju odby\u0142 si\u0119 festyn <br>\u201eBezpieczny Senior\u201d, zorganizowany przez Burmistrza Jerzego Szyd\u0142owskiego we wsp\u00f3\u0142pracy <br>z Komend\u0105 Powiatow\u0105 Policji i IPA Sekcja Polska \u2013 Region Kielce Centrum, przy wsparciu Buskiego Samorz\u0105dowego Centrum Kultury. Wydarzenie mia\u0142o na celu promocj\u0119 bezpiecze\u0144stwa w\u015br\u00f3d senior\u00f3w.<\/p>\n\n\n\n<p>Uczestnicy festynu mogli wzi\u0105\u0107 udzia\u0142 w pokazach udzielania pierwszej pomocy, tresury ps\u00f3w policyjnych, a tak\u017ce treningu bokserskiego. Odby\u0142y si\u0119 r\u00f3wnie\u017c pogadanki na temat bezpiecze\u0144stwa w ruchu drogowym i cyber &#8211; zagro\u017ce\u0144. Dzia\u0142a\u0142 mobilny punkt poboru krwi.<\/p>\n\n\n\n<p>W festynie aktywnie uczestniczyli wychowankowie Zespo\u0142u Szk\u00f3\u0142 Specjalnych w Busku- Zdroju, kt\u00f3rzy z zaanga\u017cowaniem wspierali wydarzenie.<\/p>\n\n\n\n<p>Organizator\/Foto: Zdj\u0119cia wykonano aparatem fotograficznym Canon w ramach programu ,,Laboratoria Przysz\u0142o\u015bci&#8221;: Dorota J\u00f3zefiak<\/p>\n\n\n<div class=\"wp-block-image\">\n<figure class=\"aligncenter size-full\"><img loading=\"lazy\" decoding=\"async\" width=\"940\" height=\"788\" src=\"http:\/\/www.zssgorkabusko.pl\/wp-content\/uploads\/2024\/09\/Bezowy-Minimalistyczny-Walentynki-Kolaz-Zdjec-Post-Facebook_20240923_190620_0000.png\" alt=\"\" class=\"wp-image-8952\" srcset=\"https:\/\/www.zssgorkabusko.pl\/wp-content\/uploads\/2024\/09\/Bezowy-Minimalistyczny-Walentynki-Kolaz-Zdjec-Post-Facebook_20240923_190620_0000.png 940w, https:\/\/www.zssgorkabusko.pl\/wp-content\/uploads\/2024\/09\/Bezowy-Minimalistyczny-Walentynki-Kolaz-Zdjec-Post-Facebook_20240923_190620_0000-300x251.png 300w, https:\/\/www.zssgorkabusko.pl\/wp-content\/uploads\/2024\/09\/Bezowy-Minimalistyczny-Walentynki-Kolaz-Zdjec-Post-Facebook_20240923_190620_0000-768x644.png 768w\" sizes=\"auto, (max-width: 940px) 100vw, 940px\" \/><\/figure><\/div>","protected":false},"excerpt":{"rendered":"<p>W dniu 21 wrze\u015bnia 2024 roku w Parku Zdrojowym w Busku- Zdroju odby\u0142 si\u0119 festyn \u201eBezpieczny Senior\u201d, zorganizowany przez Burmistrza Jerzego Szyd\u0142owskiego we wsp\u00f3\u0142pracy z Komend\u0105 Powiatow\u0105 Policji i IPA Sekcja Polska \u2013 Region Kielce Centrum, przy wsparciu Buskiego Samorz\u0105dowego Centrum Kultury. Wydarzenie mia\u0142o na celu promocj\u0119 bezpiecze\u0144stwa w\u015br\u00f3d senior\u00f3w. Uczestnicy festynu mogli wzi\u0105\u0107 udzia\u0142 &#8230; <a title=\"FESTYN ,,BEZIECZNY SENIOR&#8221;\" class=\"read-more\" href=\"https:\/\/www.zssgorkabusko.pl\/index.php\/2024\/09\/25\/festyn-bezieczny-senior\/\" aria-label=\"Dowiedz si\u0119 wi\u0119cej o FESTYN ,,BEZIECZNY SENIOR&#8221;\">Dowiedz si\u0119 wi\u0119cej<\/a><\/p>\n","protected":false},"author":2,"featured_media":0,"comment_status":"closed","ping_status":"open","sticky":false,"template":"","format":"standard","meta":{"ngg_post_thumbnail":0,"footnotes":""},"categories":[1],"tags":[],"class_list":["post-8951","post","type-post","status-publish","format-standard","hentry","category-bez-kategorii"],"_links":{"self":[{"href":"https:\/\/www.zssgorkabusko.pl\/index.php\/wp-json\/wp\/v2\/posts\/8951","targetHints":{"allow":["GET"]}}],"collection":[{"href":"https:\/\/www.zssgorkabusko.pl\/index.php\/wp-json\/wp\/v2\/posts"}],"about":[{"href":"https:\/\/www.zssgorkabusko.pl\/index.php\/wp-json\/wp\/v2\/types\/post"}],"author":[{"embeddable":true,"href":"https:\/\/www.zssgorkabusko.pl\/index.php\/wp-json\/wp\/v2\/users\/2"}],"replies":[{"embeddable":true,"href":"https:\/\/www.zssgorkabusko.pl\/index.php\/wp-json\/wp\/v2\/comments?post=8951"}],"version-history":[{"count":6,"href":"https:\/\/www.zssgorkabusko.pl\/index.php\/wp-json\/wp\/v2\/posts\/8951\/revisions"}],"predecessor-version":[{"id":8958,"href":"https:\/\/www.zssgorkabusko.pl\/index.php\/wp-json\/wp\/v2\/posts\/8951\/revisions\/8958"}],"wp:attachment":[{"href":"https:\/\/www.zssgorkabusko.pl\/index.php\/wp-json\/wp\/v2\/media?parent=8951"}],"wp:term":[{"taxonomy":"category","embeddable":true,"href":"https:\/\/www.zssgorkabusko.pl\/index.php\/wp-json\/wp\/v2\/categories?post=8951"},{"taxonomy":"post_tag","embeddable":true,"href":"https:\/\/www.zssgorkabusko.pl\/index.php\/wp-json\/wp\/v2\/tags?post=8951"}],"curies":[{"name":"wp","href":"https:\/\/api.w.org\/{rel}","templated":true}]}}