{"id":8960,"date":"2024-09-30T20:01:25","date_gmt":"2024-09-30T18:01:25","guid":{"rendered":"http:\/\/www.zssgorkabusko.pl\/?p=8960"},"modified":"2024-10-02T20:29:58","modified_gmt":"2024-10-02T18:29:58","slug":"przytul-sie-do-drzewa","status":"publish","type":"post","link":"https:\/\/www.zssgorkabusko.pl\/index.php\/2024\/09\/30\/przytul-sie-do-drzewa\/","title":{"rendered":"#PRZYTUL SI\u0118 DO DRZEWA"},"content":{"rendered":"\n<p>#STRA\u017bNICYLAS\u00d3W<\/p>\n\n\n\n<p>Drzewa daj\u0105 moc!<\/p>\n\n\n\n<p>Og\u00f3lnopolska kampania spo\u0142eczna ,,PRZYTUL si\u0119 do DRZEWA\u201d ma na celu m\u0105dre i bezpieczne poruszanie si\u0119 po terenach le\u015bnych. Wychowankowie specjalnych grup wychowawczych zach\u0119cali do aktywno\u015bci na wolnym powietrzu jako formy warto\u015bciowego sp\u0119dzania czasu wolnego. Piesza w\u0119dr\u00f3wka w najbli\u017csz\u0105 okolic\u0119 pozwala na szerszy kontakt z natur\u0105, <br>a przebywanie w bliskiej obecno\u015bci drzew, dobroczynnie wp\u0142ywa na nasze samopoczucie. <br>Ro\u015bliny emanuj\u0105 pozytywn\u0105 energi\u0105, uspokajaj\u0105, koj\u0105 z\u0142y nastr\u00f3j, relaksuj\u0105 i odpr\u0119\u017caj\u0105,<br>oferuj\u0105c w zamian witalno\u015b\u0107 i ch\u0119\u0107 do dzia\u0142ania. B\u0105d\u017amy przyjaci\u00f3\u0142mi przyrody!<\/p>\n\n\n\n<p>Organizator\/Foto: Zdj\u0119cia wykonano aparatem fotograficznym Canon w ramach programu ,,Laboratoria Przysz\u0142o\u015bci&#8221;: Anna Mazur, Anna Fr\u0105czkiewicz<\/p>\n\n\n\n<figure class=\"wp-block-gallery has-nested-images columns-2 is-cropped wp-block-gallery-1 is-layout-flex wp-block-gallery-is-layout-flex\">\n<figure class=\"wp-block-image size-large\"><img loading=\"lazy\" decoding=\"async\" width=\"480\" height=\"640\" data-id=\"8963\" src=\"http:\/\/www.zssgorkabusko.pl\/wp-content\/uploads\/2024\/09\/IMG20240928173307.jpg\" alt=\"\" class=\"wp-image-8963\" srcset=\"https:\/\/www.zssgorkabusko.pl\/wp-content\/uploads\/2024\/09\/IMG20240928173307.jpg 480w, https:\/\/www.zssgorkabusko.pl\/wp-content\/uploads\/2024\/09\/IMG20240928173307-225x300.jpg 225w\" sizes=\"auto, (max-width: 480px) 100vw, 480px\" \/><\/figure>\n\n\n\n<figure class=\"wp-block-image size-large\"><img loading=\"lazy\" decoding=\"async\" width=\"480\" height=\"640\" data-id=\"8964\" src=\"http:\/\/www.zssgorkabusko.pl\/wp-content\/uploads\/2024\/09\/IMG20240929152800.jpg\" alt=\"\" class=\"wp-image-8964\" srcset=\"https:\/\/www.zssgorkabusko.pl\/wp-content\/uploads\/2024\/09\/IMG20240929152800.jpg 480w, https:\/\/www.zssgorkabusko.pl\/wp-content\/uploads\/2024\/09\/IMG20240929152800-225x300.jpg 225w\" sizes=\"auto, (max-width: 480px) 100vw, 480px\" \/><\/figure>\n\n\n\n<figure class=\"wp-block-image size-large\"><img loading=\"lazy\" decoding=\"async\" width=\"480\" height=\"640\" data-id=\"8965\" src=\"http:\/\/www.zssgorkabusko.pl\/wp-content\/uploads\/2024\/09\/IMG20240929153009.jpg\" alt=\"\" class=\"wp-image-8965\" srcset=\"https:\/\/www.zssgorkabusko.pl\/wp-content\/uploads\/2024\/09\/IMG20240929153009.jpg 480w, https:\/\/www.zssgorkabusko.pl\/wp-content\/uploads\/2024\/09\/IMG20240929153009-225x300.jpg 225w\" sizes=\"auto, (max-width: 480px) 100vw, 480px\" \/><\/figure>\n\n\n\n<figure class=\"wp-block-image size-large\"><img loading=\"lazy\" decoding=\"async\" width=\"640\" height=\"480\" data-id=\"8966\" src=\"http:\/\/www.zssgorkabusko.pl\/wp-content\/uploads\/2024\/09\/IMG20240929153149.jpg\" alt=\"\" class=\"wp-image-8966\" srcset=\"https:\/\/www.zssgorkabusko.pl\/wp-content\/uploads\/2024\/09\/IMG20240929153149.jpg 640w, https:\/\/www.zssgorkabusko.pl\/wp-content\/uploads\/2024\/09\/IMG20240929153149-300x225.jpg 300w\" sizes=\"auto, (max-width: 640px) 100vw, 640px\" \/><\/figure>\n<\/figure>\n\n\n\n<p>Org.\/foto: Anna Mazur, Anna Fr\u0105czkiewicz<a><\/a><\/p>\n","protected":false},"excerpt":{"rendered":"<p>#STRA\u017bNICYLAS\u00d3W Drzewa daj\u0105 moc! Og\u00f3lnopolska kampania spo\u0142eczna ,,PRZYTUL si\u0119 do DRZEWA\u201d ma na celu m\u0105dre i bezpieczne poruszanie si\u0119 po terenach le\u015bnych. Wychowankowie specjalnych grup wychowawczych zach\u0119cali do aktywno\u015bci na wolnym powietrzu jako formy warto\u015bciowego sp\u0119dzania czasu wolnego. Piesza w\u0119dr\u00f3wka w najbli\u017csz\u0105 okolic\u0119 pozwala na szerszy kontakt z natur\u0105, a przebywanie w bliskiej obecno\u015bci drzew, &#8230; <a title=\"#PRZYTUL SI\u0118 DO DRZEWA\" class=\"read-more\" href=\"https:\/\/www.zssgorkabusko.pl\/index.php\/2024\/09\/30\/przytul-sie-do-drzewa\/\" aria-label=\"Dowiedz si\u0119 wi\u0119cej o #PRZYTUL SI\u0118 DO DRZEWA\">Dowiedz si\u0119 wi\u0119cej<\/a><\/p>\n","protected":false},"author":2,"featured_media":0,"comment_status":"closed","ping_status":"open","sticky":false,"template":"","format":"standard","meta":{"ngg_post_thumbnail":0,"footnotes":""},"categories":[1],"tags":[],"class_list":["post-8960","post","type-post","status-publish","format-standard","hentry","category-bez-kategorii"],"_links":{"self":[{"href":"https:\/\/www.zssgorkabusko.pl\/index.php\/wp-json\/wp\/v2\/posts\/8960","targetHints":{"allow":["GET"]}}],"collection":[{"href":"https:\/\/www.zssgorkabusko.pl\/index.php\/wp-json\/wp\/v2\/posts"}],"about":[{"href":"https:\/\/www.zssgorkabusko.pl\/index.php\/wp-json\/wp\/v2\/types\/post"}],"author":[{"embeddable":true,"href":"https:\/\/www.zssgorkabusko.pl\/index.php\/wp-json\/wp\/v2\/users\/2"}],"replies":[{"embeddable":true,"href":"https:\/\/www.zssgorkabusko.pl\/index.php\/wp-json\/wp\/v2\/comments?post=8960"}],"version-history":[{"count":5,"href":"https:\/\/www.zssgorkabusko.pl\/index.php\/wp-json\/wp\/v2\/posts\/8960\/revisions"}],"predecessor-version":[{"id":9000,"href":"https:\/\/www.zssgorkabusko.pl\/index.php\/wp-json\/wp\/v2\/posts\/8960\/revisions\/9000"}],"wp:attachment":[{"href":"https:\/\/www.zssgorkabusko.pl\/index.php\/wp-json\/wp\/v2\/media?parent=8960"}],"wp:term":[{"taxonomy":"category","embeddable":true,"href":"https:\/\/www.zssgorkabusko.pl\/index.php\/wp-json\/wp\/v2\/categories?post=8960"},{"taxonomy":"post_tag","embeddable":true,"href":"https:\/\/www.zssgorkabusko.pl\/index.php\/wp-json\/wp\/v2\/tags?post=8960"}],"curies":[{"name":"wp","href":"https:\/\/api.w.org\/{rel}","templated":true}]}}