{"id":8980,"date":"2024-10-02T09:16:11","date_gmt":"2024-10-02T07:16:11","guid":{"rendered":"http:\/\/www.zssgorkabusko.pl\/?p=8980"},"modified":"2024-10-02T09:16:12","modified_gmt":"2024-10-02T07:16:12","slug":"fotograf-zawod-czy-pasja","status":"publish","type":"post","link":"https:\/\/www.zssgorkabusko.pl\/index.php\/2024\/10\/02\/fotograf-zawod-czy-pasja\/","title":{"rendered":"FOTOGRAF \u2013 ZAW\u00d3D CZY PASJA?"},"content":{"rendered":"\n<p>W dniu 27.09 na lekcji z wychowawc\u0105 uczniowie zespo\u0142u klas licealnych pr\u00f3bowali odpowiedzie\u0107 na pytanie czy fotografowanie mo\u017ce by\u0107 tylko prac\u0105 czy mo\u017ce by\u0107 jednocze\u015bnie pasj\u0105. <br>W tym celu zaj\u0119cia odby\u0142y si\u0119 w terenie a liceali\u015bci wykorzystuj\u0105c aparat fotograficzny zakupiony w ramach programu Laboratoria Przysz\u0142o\u015bci robili zdj\u0119cia obiekt\u00f3w przyrody o\u017cywionej <br>i nieo\u017cywionej znajduj\u0105cych si\u0119 w otoczeniu budynku szpitala. Zainteresowanie by\u0142o du\u017ce <br>i mo\u017cna by\u0142o zauwa\u017cy\u0107, \u017ce nie ma innego wyj\u015bcia \u2013 praca fotografa musi by\u0107 jednocze\u015bnie jego pasj\u0105, aby zdj\u0119cia by\u0142y dzie\u0142em artysty.<\/p>\n\n\n\n<p>Organizator\/Foto: Zdj\u0119cia wykonano aparatem fotograficznym Canon w ramach programu ,,Laboratoria Przysz\u0142o\u015bci&#8221;: El\u017cbieta Lotko-Pikul<\/p>\n\n\n\nngg_shortcode_0_placeholder\n","protected":false},"excerpt":{"rendered":"<p>W dniu 27.09 na lekcji z wychowawc\u0105 uczniowie zespo\u0142u klas licealnych pr\u00f3bowali odpowiedzie\u0107 na pytanie czy fotografowanie mo\u017ce by\u0107 tylko prac\u0105 czy mo\u017ce by\u0107 jednocze\u015bnie pasj\u0105. W tym celu zaj\u0119cia odby\u0142y si\u0119 w terenie a liceali\u015bci wykorzystuj\u0105c aparat fotograficzny zakupiony w ramach programu Laboratoria Przysz\u0142o\u015bci robili zdj\u0119cia obiekt\u00f3w przyrody o\u017cywionej i nieo\u017cywionej znajduj\u0105cych si\u0119 w &#8230; <a title=\"FOTOGRAF \u2013 ZAW\u00d3D CZY PASJA?\" class=\"read-more\" href=\"https:\/\/www.zssgorkabusko.pl\/index.php\/2024\/10\/02\/fotograf-zawod-czy-pasja\/\" aria-label=\"Dowiedz si\u0119 wi\u0119cej o FOTOGRAF \u2013 ZAW\u00d3D CZY PASJA?\">Dowiedz si\u0119 wi\u0119cej<\/a><\/p>\n","protected":false},"author":2,"featured_media":0,"comment_status":"closed","ping_status":"open","sticky":false,"template":"","format":"standard","meta":{"ngg_post_thumbnail":0,"footnotes":""},"categories":[1],"tags":[],"class_list":["post-8980","post","type-post","status-publish","format-standard","hentry","category-bez-kategorii"],"_links":{"self":[{"href":"https:\/\/www.zssgorkabusko.pl\/index.php\/wp-json\/wp\/v2\/posts\/8980","targetHints":{"allow":["GET"]}}],"collection":[{"href":"https:\/\/www.zssgorkabusko.pl\/index.php\/wp-json\/wp\/v2\/posts"}],"about":[{"href":"https:\/\/www.zssgorkabusko.pl\/index.php\/wp-json\/wp\/v2\/types\/post"}],"author":[{"embeddable":true,"href":"https:\/\/www.zssgorkabusko.pl\/index.php\/wp-json\/wp\/v2\/users\/2"}],"replies":[{"embeddable":true,"href":"https:\/\/www.zssgorkabusko.pl\/index.php\/wp-json\/wp\/v2\/comments?post=8980"}],"version-history":[{"count":4,"href":"https:\/\/www.zssgorkabusko.pl\/index.php\/wp-json\/wp\/v2\/posts\/8980\/revisions"}],"predecessor-version":[{"id":8998,"href":"https:\/\/www.zssgorkabusko.pl\/index.php\/wp-json\/wp\/v2\/posts\/8980\/revisions\/8998"}],"wp:attachment":[{"href":"https:\/\/www.zssgorkabusko.pl\/index.php\/wp-json\/wp\/v2\/media?parent=8980"}],"wp:term":[{"taxonomy":"category","embeddable":true,"href":"https:\/\/www.zssgorkabusko.pl\/index.php\/wp-json\/wp\/v2\/categories?post=8980"},{"taxonomy":"post_tag","embeddable":true,"href":"https:\/\/www.zssgorkabusko.pl\/index.php\/wp-json\/wp\/v2\/tags?post=8980"}],"curies":[{"name":"wp","href":"https:\/\/api.w.org\/{rel}","templated":true}]}}