{"id":9017,"date":"2024-10-19T20:47:04","date_gmt":"2024-10-19T18:47:04","guid":{"rendered":"http:\/\/www.zssgorkabusko.pl\/?p=9017"},"modified":"2024-10-19T20:47:04","modified_gmt":"2024-10-19T18:47:04","slug":"dzien-nauczyciela-2024","status":"publish","type":"post","link":"https:\/\/www.zssgorkabusko.pl\/index.php\/2024\/10\/19\/dzien-nauczyciela-2024\/","title":{"rendered":"DZIE\u0143 NAUCZYCIELA 2024"},"content":{"rendered":"\n<p>14 pa\u017adziernika ka\u017cdego roku obchodzony jest Dzie\u0144 Edukacji Narodowej, kt\u00f3ry potocznie zwany jest Dniem Nauczyciela. Z tej okazji w Zespole Szk\u00f3\u0142 Specjalnych odby\u0142a si\u0119 uroczysta akademia. Pani Dyrektor Justyna Kwiatkowska wyrazi\u0142a podzi\u0119kowania nauczycielom za ich codzienn\u0105 prac\u0119, trud i trosk\u0119 \u017cycz\u0105c rado\u015bci i satysfakcji z wykonywanego zawodu. <br>Swoj\u0105 obecno\u015bci\u0105 na uroczysto\u015bci zaszczycili nas: przedstawiciel Starostwa Powiatowego <br>w Busku \u2013 Zdroju Pan Andrzej Lasak oraz przedstawiciele personelu medycznego szpitala ,,G\u00f3rka\u201d oraz Zarz\u0105du Uzdrowisko Busko \u2013Zdr\u00f3j, kt\u00f3rzy z\u0142o\u017cyli nauczycielom moc gor\u0105cych \u017cycze\u0144.<br>W&nbsp;tym uroczystym dniu pracownikom Zespo\u0142u Szk\u00f3\u0142 zosta\u0142y wr\u0119czone nagrody za osi\u0105gni\u0119cia <br>w pracy dydaktyczno- wychowawczej. Nagrody Starosty Buskiego otrzyma\u0142y Panie: El\u017cbieta Lotko \u2013 Pikul i Dorota J\u00f3zefiak. Nagrody Dyrektora zosta\u0142y wr\u0119czone Paniom: Justynie Pasternak <br>i Ewie Tomali. <br>Na&nbsp;zako\u0144czenie g\u0142os zabrali m\u0142odzi arty\u015bci, kt\u00f3rzy&nbsp;muzyk\u0105 i wierszem wyrazili swoje podzi\u0119kowania i \u017cyczenia dla nauczycieli. Wr\u0119czyli tak\u017ce nauczycielom i przyby\u0142ym go\u015bciom drobne upominki, w postaci breloczk\u00f3w.<\/p>\n\n\n\n<p>Organizator\/Foto: Zdj\u0119cia wykonano aparatem fotograficznym Canon w ramach programu ,,Laboratoria Przysz\u0142o\u015bci&#8221;: A. Kaszewska, B. Bitner-Sarna, M. Kwa\u015bniewski, E. Lotko-Pikul, M. Kilijanek, K. B\u0142ach, E. Borecka, J. Pasternak<\/p>\n\n\n\nngg_shortcode_0_placeholder\n","protected":false},"excerpt":{"rendered":"<p>14 pa\u017adziernika ka\u017cdego roku obchodzony jest Dzie\u0144 Edukacji Narodowej, kt\u00f3ry potocznie zwany jest Dniem Nauczyciela. Z tej okazji w Zespole Szk\u00f3\u0142 Specjalnych odby\u0142a si\u0119 uroczysta akademia. Pani Dyrektor Justyna Kwiatkowska wyrazi\u0142a podzi\u0119kowania nauczycielom za ich codzienn\u0105 prac\u0119, trud i trosk\u0119 \u017cycz\u0105c rado\u015bci i satysfakcji z wykonywanego zawodu. Swoj\u0105 obecno\u015bci\u0105 na uroczysto\u015bci zaszczycili nas: przedstawiciel Starostwa &#8230; <a title=\"DZIE\u0143 NAUCZYCIELA 2024\" class=\"read-more\" href=\"https:\/\/www.zssgorkabusko.pl\/index.php\/2024\/10\/19\/dzien-nauczyciela-2024\/\" aria-label=\"Dowiedz si\u0119 wi\u0119cej o DZIE\u0143 NAUCZYCIELA 2024\">Dowiedz si\u0119 wi\u0119cej<\/a><\/p>\n","protected":false},"author":2,"featured_media":0,"comment_status":"closed","ping_status":"open","sticky":false,"template":"","format":"standard","meta":{"ngg_post_thumbnail":0,"footnotes":""},"categories":[1],"tags":[],"class_list":["post-9017","post","type-post","status-publish","format-standard","hentry","category-bez-kategorii"],"_links":{"self":[{"href":"https:\/\/www.zssgorkabusko.pl\/index.php\/wp-json\/wp\/v2\/posts\/9017","targetHints":{"allow":["GET"]}}],"collection":[{"href":"https:\/\/www.zssgorkabusko.pl\/index.php\/wp-json\/wp\/v2\/posts"}],"about":[{"href":"https:\/\/www.zssgorkabusko.pl\/index.php\/wp-json\/wp\/v2\/types\/post"}],"author":[{"embeddable":true,"href":"https:\/\/www.zssgorkabusko.pl\/index.php\/wp-json\/wp\/v2\/users\/2"}],"replies":[{"embeddable":true,"href":"https:\/\/www.zssgorkabusko.pl\/index.php\/wp-json\/wp\/v2\/comments?post=9017"}],"version-history":[{"count":10,"href":"https:\/\/www.zssgorkabusko.pl\/index.php\/wp-json\/wp\/v2\/posts\/9017\/revisions"}],"predecessor-version":[{"id":9037,"href":"https:\/\/www.zssgorkabusko.pl\/index.php\/wp-json\/wp\/v2\/posts\/9017\/revisions\/9037"}],"wp:attachment":[{"href":"https:\/\/www.zssgorkabusko.pl\/index.php\/wp-json\/wp\/v2\/media?parent=9017"}],"wp:term":[{"taxonomy":"category","embeddable":true,"href":"https:\/\/www.zssgorkabusko.pl\/index.php\/wp-json\/wp\/v2\/categories?post=9017"},{"taxonomy":"post_tag","embeddable":true,"href":"https:\/\/www.zssgorkabusko.pl\/index.php\/wp-json\/wp\/v2\/tags?post=9017"}],"curies":[{"name":"wp","href":"https:\/\/api.w.org\/{rel}","templated":true}]}}