{"id":9053,"date":"2024-10-29T07:59:37","date_gmt":"2024-10-29T06:59:37","guid":{"rendered":"http:\/\/www.zssgorkabusko.pl\/?p=9053"},"modified":"2024-10-29T07:59:38","modified_gmt":"2024-10-29T06:59:38","slug":"wizyta-uczniow-ze-szkoly-podstawowej-z-sieslawic","status":"publish","type":"post","link":"https:\/\/www.zssgorkabusko.pl\/index.php\/2024\/10\/29\/wizyta-uczniow-ze-szkoly-podstawowej-z-sieslawic\/","title":{"rendered":"WIZYTA UCZNI\u00d3W ZE SZKO\u0141Y PODSTAWOWEJ Z SIES\u0141AWIC"},"content":{"rendered":"\n<p>W dniu 24 pa\u017adziernika 2024r, uczniowie ze Szko\u0142y Podstawowej im. Kornela Makuszy\u0144skiego <br>w Sies\u0142awicach odwiedzili Zesp\u00f3\u0142 Szk\u00f3\u0142 Specjalnych w Busku-Zdroju. W ramach wizyty przygotowali monta\u017c s\u0142owno-muzyczny pt. &#8222;Kawiarniane rozmowy o Janie Pawle II&#8221;. <br>Uczniowie zaprezentowali utwory i teksty zwi\u0105zane z \u017cyciem oraz tw\u00f3rczo\u015bci\u0105 Jana Paw\u0142a II, wprowadzaj\u0105c publiczno\u015b\u0107 w refleksyjn\u0105 atmosfer\u0119. Wydarzenie stanowi\u0142o okazj\u0119 do wsp\u00f3lnej integracji.<\/p>\n\n\n\n<p>Organizator\/Foto: Zdj\u0119cia wykonano aparatem fotograficznym Canon w ramach programu &#8222;Laboratoria Przysz\u0142o\u015bci&#8221;: Dorota J\u00f3zefiak<\/p>\n\n\n<div class=\"wp-block-image\">\n<figure class=\"aligncenter size-large\"><img decoding=\"async\" src=\"http:\/\/www.zssgorkabusko.pl\/wp-content\/uploads\/2024\/10\/6-Sport-Kolaz-Podarty-Papier-Instagram-Story_20241027_095151_0000-576x1024.png\" alt=\"\" class=\"wp-image-9054\"\/><\/figure><\/div>","protected":false},"excerpt":{"rendered":"<p>W dniu 24 pa\u017adziernika 2024r, uczniowie ze Szko\u0142y Podstawowej im. Kornela Makuszy\u0144skiego w Sies\u0142awicach odwiedzili Zesp\u00f3\u0142 Szk\u00f3\u0142 Specjalnych w Busku-Zdroju. W ramach wizyty przygotowali monta\u017c s\u0142owno-muzyczny pt. &#8222;Kawiarniane rozmowy o Janie Pawle II&#8221;. Uczniowie zaprezentowali utwory i teksty zwi\u0105zane z \u017cyciem oraz tw\u00f3rczo\u015bci\u0105 Jana Paw\u0142a II, wprowadzaj\u0105c publiczno\u015b\u0107 w refleksyjn\u0105 atmosfer\u0119. Wydarzenie stanowi\u0142o okazj\u0119 do &#8230; <a title=\"WIZYTA UCZNI\u00d3W ZE SZKO\u0141Y PODSTAWOWEJ Z SIES\u0141AWIC\" class=\"read-more\" href=\"https:\/\/www.zssgorkabusko.pl\/index.php\/2024\/10\/29\/wizyta-uczniow-ze-szkoly-podstawowej-z-sieslawic\/\" aria-label=\"Dowiedz si\u0119 wi\u0119cej o WIZYTA UCZNI\u00d3W ZE SZKO\u0141Y PODSTAWOWEJ Z SIES\u0141AWIC\">Dowiedz si\u0119 wi\u0119cej<\/a><\/p>\n","protected":false},"author":2,"featured_media":0,"comment_status":"closed","ping_status":"open","sticky":false,"template":"","format":"standard","meta":{"ngg_post_thumbnail":0,"footnotes":""},"categories":[1],"tags":[],"class_list":["post-9053","post","type-post","status-publish","format-standard","hentry","category-bez-kategorii"],"_links":{"self":[{"href":"https:\/\/www.zssgorkabusko.pl\/index.php\/wp-json\/wp\/v2\/posts\/9053","targetHints":{"allow":["GET"]}}],"collection":[{"href":"https:\/\/www.zssgorkabusko.pl\/index.php\/wp-json\/wp\/v2\/posts"}],"about":[{"href":"https:\/\/www.zssgorkabusko.pl\/index.php\/wp-json\/wp\/v2\/types\/post"}],"author":[{"embeddable":true,"href":"https:\/\/www.zssgorkabusko.pl\/index.php\/wp-json\/wp\/v2\/users\/2"}],"replies":[{"embeddable":true,"href":"https:\/\/www.zssgorkabusko.pl\/index.php\/wp-json\/wp\/v2\/comments?post=9053"}],"version-history":[{"count":3,"href":"https:\/\/www.zssgorkabusko.pl\/index.php\/wp-json\/wp\/v2\/posts\/9053\/revisions"}],"predecessor-version":[{"id":9057,"href":"https:\/\/www.zssgorkabusko.pl\/index.php\/wp-json\/wp\/v2\/posts\/9053\/revisions\/9057"}],"wp:attachment":[{"href":"https:\/\/www.zssgorkabusko.pl\/index.php\/wp-json\/wp\/v2\/media?parent=9053"}],"wp:term":[{"taxonomy":"category","embeddable":true,"href":"https:\/\/www.zssgorkabusko.pl\/index.php\/wp-json\/wp\/v2\/categories?post=9053"},{"taxonomy":"post_tag","embeddable":true,"href":"https:\/\/www.zssgorkabusko.pl\/index.php\/wp-json\/wp\/v2\/tags?post=9053"}],"curies":[{"name":"wp","href":"https:\/\/api.w.org\/{rel}","templated":true}]}}