{"id":9081,"date":"2024-11-04T21:09:11","date_gmt":"2024-11-04T20:09:11","guid":{"rendered":"http:\/\/www.zssgorkabusko.pl\/?p=9081"},"modified":"2024-11-04T21:09:12","modified_gmt":"2024-11-04T20:09:12","slug":"pamietamy-o-zmarlych","status":"publish","type":"post","link":"https:\/\/www.zssgorkabusko.pl\/index.php\/2024\/11\/04\/pamietamy-o-zmarlych\/","title":{"rendered":"PAMI\u0118TAMY O ZMAR\u0141YCH"},"content":{"rendered":"\n<p>Dzie\u0144 Wszystkich \u015awi\u0119tych to dzie\u0144 pami\u0119ci o zmar\u0142ych. Polska tradycja nakazuje odwiedzanie <br>w tym dniu grob\u00f3w tych, kt\u00f3rzy odeszli, zapalenie zniczy, z\u0142o\u017cenie kwiat\u00f3w.<br>W przeddzie\u0144 tego \u015bwi\u0119ta r\u00f3wnie\u017c uczniowie Zespo\u0142u Szk\u00f3\u0142 Specjalnych w Busku Zdroju <br>wraz z pani\u0105 dyrektor Justyn\u0105 Kwiatkowsk\u0105 oraz kierownikiem administracji szpitala panem Adrianem Jamro\u017cym zapalili znicze i z\u0142o\u017cyli wi\u0105zank\u0119 kwiat\u00f3w na grobie za\u0142o\u017cyciela szpitala \u201eG\u00f3rka\u201d doktora Szymona Starkiewicza i jego \u017cony.<br>Pami\u0119taj\u0105c o zmar\u0142ych bohaterach naszego regionu odwiedzili te\u017c zbiorowy gr\u00f3b \u017co\u0142nierzy polskich poleg\u0142ych we wrze\u015bniu 1939 roku.<\/p>\n\n\n\n<p>Organizator\/Foto: Zdj\u0119cia wykonano aparatem fotograficznym Canon w ramach programu ,,Laboratoria Przysz\u0142o\u015bci: Dorota J\u00f3zefiak, Iwona Klepka, Ewa Tomala, Marzena Kilijanek<\/p>\n\n\n\n<figure class=\"wp-block-gallery aligncenter has-nested-images columns-1 is-cropped wp-block-gallery-1 is-layout-flex wp-block-gallery-is-layout-flex\">\n<figure class=\"wp-block-image size-large\"><img decoding=\"async\" data-id=\"9083\" src=\"http:\/\/www.zssgorkabusko.pl\/wp-content\/uploads\/2024\/11\/IMG_7770.jpg\" alt=\"\" class=\"wp-image-9083\"\/><\/figure>\n\n\n\n<figure class=\"wp-block-image size-large\"><img decoding=\"async\" data-id=\"9084\" src=\"http:\/\/www.zssgorkabusko.pl\/wp-content\/uploads\/2024\/11\/IMG_7776.jpg\" alt=\"\" class=\"wp-image-9084\"\/><\/figure>\n<\/figure>\n","protected":false},"excerpt":{"rendered":"<p>Dzie\u0144 Wszystkich \u015awi\u0119tych to dzie\u0144 pami\u0119ci o zmar\u0142ych. Polska tradycja nakazuje odwiedzanie w tym dniu grob\u00f3w tych, kt\u00f3rzy odeszli, zapalenie zniczy, z\u0142o\u017cenie kwiat\u00f3w.W przeddzie\u0144 tego \u015bwi\u0119ta r\u00f3wnie\u017c uczniowie Zespo\u0142u Szk\u00f3\u0142 Specjalnych w Busku Zdroju wraz z pani\u0105 dyrektor Justyn\u0105 Kwiatkowsk\u0105 oraz kierownikiem administracji szpitala panem Adrianem Jamro\u017cym zapalili znicze i z\u0142o\u017cyli wi\u0105zank\u0119 kwiat\u00f3w na grobie &#8230; <a title=\"PAMI\u0118TAMY O ZMAR\u0141YCH\" class=\"read-more\" href=\"https:\/\/www.zssgorkabusko.pl\/index.php\/2024\/11\/04\/pamietamy-o-zmarlych\/\" aria-label=\"Dowiedz si\u0119 wi\u0119cej o PAMI\u0118TAMY O ZMAR\u0141YCH\">Dowiedz si\u0119 wi\u0119cej<\/a><\/p>\n","protected":false},"author":2,"featured_media":0,"comment_status":"closed","ping_status":"open","sticky":false,"template":"","format":"standard","meta":{"ngg_post_thumbnail":0,"footnotes":""},"categories":[1],"tags":[],"class_list":["post-9081","post","type-post","status-publish","format-standard","hentry","category-bez-kategorii"],"_links":{"self":[{"href":"https:\/\/www.zssgorkabusko.pl\/index.php\/wp-json\/wp\/v2\/posts\/9081","targetHints":{"allow":["GET"]}}],"collection":[{"href":"https:\/\/www.zssgorkabusko.pl\/index.php\/wp-json\/wp\/v2\/posts"}],"about":[{"href":"https:\/\/www.zssgorkabusko.pl\/index.php\/wp-json\/wp\/v2\/types\/post"}],"author":[{"embeddable":true,"href":"https:\/\/www.zssgorkabusko.pl\/index.php\/wp-json\/wp\/v2\/users\/2"}],"replies":[{"embeddable":true,"href":"https:\/\/www.zssgorkabusko.pl\/index.php\/wp-json\/wp\/v2\/comments?post=9081"}],"version-history":[{"count":3,"href":"https:\/\/www.zssgorkabusko.pl\/index.php\/wp-json\/wp\/v2\/posts\/9081\/revisions"}],"predecessor-version":[{"id":9086,"href":"https:\/\/www.zssgorkabusko.pl\/index.php\/wp-json\/wp\/v2\/posts\/9081\/revisions\/9086"}],"wp:attachment":[{"href":"https:\/\/www.zssgorkabusko.pl\/index.php\/wp-json\/wp\/v2\/media?parent=9081"}],"wp:term":[{"taxonomy":"category","embeddable":true,"href":"https:\/\/www.zssgorkabusko.pl\/index.php\/wp-json\/wp\/v2\/categories?post=9081"},{"taxonomy":"post_tag","embeddable":true,"href":"https:\/\/www.zssgorkabusko.pl\/index.php\/wp-json\/wp\/v2\/tags?post=9081"}],"curies":[{"name":"wp","href":"https:\/\/api.w.org\/{rel}","templated":true}]}}