{"id":9237,"date":"2024-11-25T21:52:34","date_gmt":"2024-11-25T20:52:34","guid":{"rendered":"http:\/\/www.zssgorkabusko.pl\/?p=9237"},"modified":"2024-11-25T21:52:35","modified_gmt":"2024-11-25T20:52:35","slug":"miedzynarodowy-dzien-telewizora","status":"publish","type":"post","link":"https:\/\/www.zssgorkabusko.pl\/index.php\/2024\/11\/25\/miedzynarodowy-dzien-telewizora\/","title":{"rendered":"MI\u0118DZYNARODOWY DZIE\u0143 TELEWIZORA"},"content":{"rendered":"\n<p>Z okazji Mi\u0119dzynarodowego Dnia Telewizji w Zespole Szk\u00f3\u0142 Specjalnych w Busku-Zdroju zorganizowano ciekawe zaj\u0119cia pozalekcyjne dla wychowank\u00f3w Specjalnych Grup Wychowawczych. W trakcie spotkania wychowankowie poznali histori\u0119 telewizji, dowiaduj\u0105c si\u0119, jak rozwija\u0142o si\u0119 to medium na przestrzeni lat. Szczeg\u00f3lny nacisk po\u0142o\u017cono na zasady bezpiecznego i \u015bwiadomego ogl\u0105dania program\u00f3w telewizyjnych, aby wychowankowie potrafili wybiera\u0107 warto\u015bciowe tre\u015bci oraz unikali zagro\u017ce\u0144 zwi\u0105zanych z nadmiernym korzystaniem <br>z telewizji.<\/p>\n\n\n\n<p>W ramach zaj\u0119\u0107 wychowankowie wype\u0142niali karty pracy, kt\u00f3re pozwoli\u0142y im utrwali\u0107 zdobyt\u0105 wiedz\u0119, a tak\u017ce rozwijali swoje zdolno\u015bci artystyczno-techniczne, wykonuj\u0105c w\u0142asnor\u0119cznie model telewizora. Prace dzieci wyr\u00f3\u017cnia\u0142y si\u0119 pomys\u0142owo\u015bci\u0105 i kreatywno\u015bci\u0105, a ca\u0142e wydarzenie sta\u0142o si\u0119 \u015bwietn\u0105 okazj\u0105 do nauki poprzez zabaw\u0119.<\/p>\n\n\n\n<p>Organizator\/Foto: Zdj\u0119cia wykonano aparatem fotograficznym Canon w ramach programu ,,Laboratoria Przysz\u0142o\u015bci&#8221;: E. Tomala, D. J\u00f3zefiak, A. Mazur<\/p>\n\n\n\n<figure class=\"wp-block-video\"><video controls src=\"http:\/\/www.zssgorkabusko.pl\/wp-content\/uploads\/2024\/11\/Bezowy-Kobiecy-Slub-Kolaz-ze-Zdjec_20241124_180907_0002.mp4\"><\/video><\/figure>\n","protected":false},"excerpt":{"rendered":"<p>Z okazji Mi\u0119dzynarodowego Dnia Telewizji w Zespole Szk\u00f3\u0142 Specjalnych w Busku-Zdroju zorganizowano ciekawe zaj\u0119cia pozalekcyjne dla wychowank\u00f3w Specjalnych Grup Wychowawczych. W trakcie spotkania wychowankowie poznali histori\u0119 telewizji, dowiaduj\u0105c si\u0119, jak rozwija\u0142o si\u0119 to medium na przestrzeni lat. Szczeg\u00f3lny nacisk po\u0142o\u017cono na zasady bezpiecznego i \u015bwiadomego ogl\u0105dania program\u00f3w telewizyjnych, aby wychowankowie potrafili wybiera\u0107 warto\u015bciowe tre\u015bci oraz &#8230; <a title=\"MI\u0118DZYNARODOWY DZIE\u0143 TELEWIZORA\" class=\"read-more\" href=\"https:\/\/www.zssgorkabusko.pl\/index.php\/2024\/11\/25\/miedzynarodowy-dzien-telewizora\/\" aria-label=\"Dowiedz si\u0119 wi\u0119cej o MI\u0118DZYNARODOWY DZIE\u0143 TELEWIZORA\">Dowiedz si\u0119 wi\u0119cej<\/a><\/p>\n","protected":false},"author":2,"featured_media":0,"comment_status":"closed","ping_status":"open","sticky":false,"template":"","format":"standard","meta":{"ngg_post_thumbnail":0,"footnotes":""},"categories":[1],"tags":[],"class_list":["post-9237","post","type-post","status-publish","format-standard","hentry","category-bez-kategorii"],"_links":{"self":[{"href":"https:\/\/www.zssgorkabusko.pl\/index.php\/wp-json\/wp\/v2\/posts\/9237","targetHints":{"allow":["GET"]}}],"collection":[{"href":"https:\/\/www.zssgorkabusko.pl\/index.php\/wp-json\/wp\/v2\/posts"}],"about":[{"href":"https:\/\/www.zssgorkabusko.pl\/index.php\/wp-json\/wp\/v2\/types\/post"}],"author":[{"embeddable":true,"href":"https:\/\/www.zssgorkabusko.pl\/index.php\/wp-json\/wp\/v2\/users\/2"}],"replies":[{"embeddable":true,"href":"https:\/\/www.zssgorkabusko.pl\/index.php\/wp-json\/wp\/v2\/comments?post=9237"}],"version-history":[{"count":2,"href":"https:\/\/www.zssgorkabusko.pl\/index.php\/wp-json\/wp\/v2\/posts\/9237\/revisions"}],"predecessor-version":[{"id":9240,"href":"https:\/\/www.zssgorkabusko.pl\/index.php\/wp-json\/wp\/v2\/posts\/9237\/revisions\/9240"}],"wp:attachment":[{"href":"https:\/\/www.zssgorkabusko.pl\/index.php\/wp-json\/wp\/v2\/media?parent=9237"}],"wp:term":[{"taxonomy":"category","embeddable":true,"href":"https:\/\/www.zssgorkabusko.pl\/index.php\/wp-json\/wp\/v2\/categories?post=9237"},{"taxonomy":"post_tag","embeddable":true,"href":"https:\/\/www.zssgorkabusko.pl\/index.php\/wp-json\/wp\/v2\/tags?post=9237"}],"curies":[{"name":"wp","href":"https:\/\/api.w.org\/{rel}","templated":true}]}}