{"id":9329,"date":"2024-12-08T18:02:42","date_gmt":"2024-12-08T17:02:42","guid":{"rendered":"http:\/\/www.zssgorkabusko.pl\/?p=9329"},"modified":"2024-12-11T13:36:09","modified_gmt":"2024-12-11T12:36:09","slug":"spotkanie-z-mikolajem-2","status":"publish","type":"post","link":"https:\/\/www.zssgorkabusko.pl\/index.php\/2024\/12\/08\/spotkanie-z-mikolajem-2\/","title":{"rendered":"SPOTKANIE Z MIKO\u0141AJEM"},"content":{"rendered":"\n<p><em><strong>Wreszcie 6 grudnia!<\/strong> \ud83c\udf85\ud83c\udf84<\/em><\/p>\n\n\n\n<p>Nadszed\u0142 d\u0142ugo wyczekiwany dzie\u0144, pe\u0142en rado\u015bci i niespodzianek. Ju\u017c od rana wida\u0107 by\u0142o u\u015bmiechy na twarzach dzieci. Na korytarzach, wszyscy rozmawiali tylko o tym, co mo\u017ce przynie\u015b\u0107 Miko\u0142aj. Czy b\u0119dzie to wielki worek pe\u0142en prezent\u00f3w? A mo\u017ce specjalna niespodzianka? <br>Ka\u017cdy czu\u0142, \u017ce to b\u0119dzie dzie\u0144 pe\u0142en cud\u00f3w. A\u017c w ko\u0144cu nadszed\u0142 ten moment! \u015awi\u0119ty Miko\u0142aj odwiedzi\u0142&nbsp; Zesp\u00f3\u0142 Szk\u00f3\u0142 Specjalnych w Busku-Zdroju. Ubrany w charakterystyczny czerwony str\u00f3j i z wielkim workiem pe\u0142nym prezent\u00f3w przyby\u0142, aby obdarowa\u0107 wszystkich u\u015bmiechami, prezentami i \u015bwi\u0105tecznym duchem. Zachwyceni i podekscytowani uczniowie przywitali d\u0142ugo wyczekiwanego go\u015bcia piosenkami i wierszami. Wyst\u0119p by\u0142 przygotowany w ramach zrealizowanego projektu edukacyjnego \u201eSpotkanie z Miko\u0142ajem\u201d.<\/p>\n\n\n\n<p>Miko\u0142aj jednak nie dzia\u0142a\u0142 sam \u2013 mia\u0142 obok siebie pomocnik\u00f3w, pana Jerzego Kolarza Starost\u0119 Buskiego oraz pana Adriana Jamro\u017cy kierownika administracji Szpitala ,,G\u00f3rka&#8221; przedstawiciela Uzdrowiska Busko-Zdr\u00f3j, kt\u00f3rzy od wielu lat wspieraj\u0105 finansowo Miko\u0142aja w realizacji misji obdarowania dzieci.<\/p>\n\n\n\n<p>Po rozdaniu prezent\u00f3w, pacjenci Szpitala \u201eG\u00f3rka\u201d \u015bwietnie bawili si\u0119 wsp\u00f3lnie z Miko\u0142ajem. Atmosfera sta\u0142a si\u0119 jeszcze bardziej magiczna, gdy w sali rozbrzmiewa\u0142y weso\u0142e melodie \u015bwi\u0105teczne.&nbsp; W miko\u0142ajkowej zabawie uczestniczyli rodzice uczni\u00f3w, pani dyrektor <br>Justyna Kwiatkowska, kierownik wychowania Ewa Tomala oraz nauczyciele.<\/p>\n\n\n\n<p><strong>6 grudnia<\/strong> to dzie\u0144, kt\u00f3ry na d\u0142ugo zostaje w pami\u0119ci. To czas magii, \u015bwi\u0105tecznego ciep\u0142a <br>i rado\u015bci, kt\u00f3ry \u0142\u0105czy wszystkich w tej wyj\u0105tkowej atmosferze. Czekanie na \u015awi\u0119tego Miko\u0142aja, jego niespodziewana wizyta i pi\u0119kne chwile sp\u0119dzone w gronie radosnych dzieci sprawiaj\u0105, <br>\u017ce ten dzie\u0144 jest naprawd\u0119 niezapomniany!<\/p>\n\n\n\n<p>Organizator\/Foto: Zdj\u0119cia wykonano aparatem fotograficznym Canon w ramach programu ,,Laboratoria Przysz\u0142o\u015bci\u201d: E. Lotko-Pikul, M. Kilijanek, A. Kaszewska, B. Bitner-Sarna, K. B\u0142ach, <br>J. Pasternak<\/p>\n\n\n\nngg_shortcode_0_placeholder\n","protected":false},"excerpt":{"rendered":"<p>Wreszcie 6 grudnia! \ud83c\udf85\ud83c\udf84 Nadszed\u0142 d\u0142ugo wyczekiwany dzie\u0144, pe\u0142en rado\u015bci i niespodzianek. Ju\u017c od rana wida\u0107 by\u0142o u\u015bmiechy na twarzach dzieci. Na korytarzach, wszyscy rozmawiali tylko o tym, co mo\u017ce przynie\u015b\u0107 Miko\u0142aj. Czy b\u0119dzie to wielki worek pe\u0142en prezent\u00f3w? A mo\u017ce specjalna niespodzianka? Ka\u017cdy czu\u0142, \u017ce to b\u0119dzie dzie\u0144 pe\u0142en cud\u00f3w. A\u017c w ko\u0144cu nadszed\u0142 &#8230; <a title=\"SPOTKANIE Z MIKO\u0141AJEM\" class=\"read-more\" href=\"https:\/\/www.zssgorkabusko.pl\/index.php\/2024\/12\/08\/spotkanie-z-mikolajem-2\/\" aria-label=\"Dowiedz si\u0119 wi\u0119cej o SPOTKANIE Z MIKO\u0141AJEM\">Dowiedz si\u0119 wi\u0119cej<\/a><\/p>\n","protected":false},"author":2,"featured_media":0,"comment_status":"closed","ping_status":"open","sticky":false,"template":"","format":"standard","meta":{"ngg_post_thumbnail":0,"footnotes":""},"categories":[1],"tags":[],"class_list":["post-9329","post","type-post","status-publish","format-standard","hentry","category-bez-kategorii"],"_links":{"self":[{"href":"https:\/\/www.zssgorkabusko.pl\/index.php\/wp-json\/wp\/v2\/posts\/9329","targetHints":{"allow":["GET"]}}],"collection":[{"href":"https:\/\/www.zssgorkabusko.pl\/index.php\/wp-json\/wp\/v2\/posts"}],"about":[{"href":"https:\/\/www.zssgorkabusko.pl\/index.php\/wp-json\/wp\/v2\/types\/post"}],"author":[{"embeddable":true,"href":"https:\/\/www.zssgorkabusko.pl\/index.php\/wp-json\/wp\/v2\/users\/2"}],"replies":[{"embeddable":true,"href":"https:\/\/www.zssgorkabusko.pl\/index.php\/wp-json\/wp\/v2\/comments?post=9329"}],"version-history":[{"count":7,"href":"https:\/\/www.zssgorkabusko.pl\/index.php\/wp-json\/wp\/v2\/posts\/9329\/revisions"}],"predecessor-version":[{"id":9359,"href":"https:\/\/www.zssgorkabusko.pl\/index.php\/wp-json\/wp\/v2\/posts\/9329\/revisions\/9359"}],"wp:attachment":[{"href":"https:\/\/www.zssgorkabusko.pl\/index.php\/wp-json\/wp\/v2\/media?parent=9329"}],"wp:term":[{"taxonomy":"category","embeddable":true,"href":"https:\/\/www.zssgorkabusko.pl\/index.php\/wp-json\/wp\/v2\/categories?post=9329"},{"taxonomy":"post_tag","embeddable":true,"href":"https:\/\/www.zssgorkabusko.pl\/index.php\/wp-json\/wp\/v2\/tags?post=9329"}],"curies":[{"name":"wp","href":"https:\/\/api.w.org\/{rel}","templated":true}]}}