{"id":9360,"date":"2024-12-15T21:03:42","date_gmt":"2024-12-15T20:03:42","guid":{"rendered":"http:\/\/www.zssgorkabusko.pl\/?p=9360"},"modified":"2024-12-15T21:03:43","modified_gmt":"2024-12-15T20:03:43","slug":"lekcja-biblioteczna-przeprowadzona-w-ramach-realizowanego-programu-rozwoju-czytelnictwa","status":"publish","type":"post","link":"https:\/\/www.zssgorkabusko.pl\/index.php\/2024\/12\/15\/lekcja-biblioteczna-przeprowadzona-w-ramach-realizowanego-programu-rozwoju-czytelnictwa\/","title":{"rendered":"LEKCJA BIBLIOTECZNA PRZEPROWADZONA W RAMACH REALIZOWANEGO PROGRAMU ROZWOJU CZYTELNICTWA"},"content":{"rendered":"\n<p>Zgodnie z zaplanowanymi dzia\u0142aniami zwi\u0105zanymi z realizacj\u0105 Narodowego Programu Rozwoju Czytelnictwa uczniowie Zespo\u0142u uczestniczyli w lekcjach bibliotecznych. Jedn\u0105 z nich przeprowadzi\u0142a Pani Agnieszka Jasi\u0144ska, kierownik Pedagogicznej Biblioteki Wojew\u00f3dzkiej <br>w Kielcach Filii w Busku-Zdroju.&nbsp;<\/p>\n\n\n\n<p>Podczas spotkania zosta\u0142 om\u00f3wiony temat dotycz\u0105cy powstania ksi\u0105\u017cki pocz\u0105wszy od ksi\u0105\u017cki r\u0119kopi\u015bmiennej, a\u017c do powstania ksi\u0105\u017cki wsp\u00f3\u0142czesnej. Uczniowie z zainteresowaniem wys\u0142uchali opowiadania opartego na bogato ilustrowanej prezentacji, u\u0142atwiaj\u0105cej zrozumienie poruszanych tre\u015bci. Ogl\u0105dali materia\u0142y i narz\u0119dzia pisarskie, kt\u00f3re kszta\u0142towa\u0142y form\u0119 zewn\u0119trzn\u0105 ksi\u0105\u017cki. Us\u0142yszeli r\u00f3wnie\u017c o dokonaniach Jana Gutenberga, zastosowaniu ruchomej czcionki i prasy drukarskiej. Podczas w\u0119dr\u00f3wki zwi\u0105zanej z powstaniem ksi\u0105\u017cki dotarli\u015bmy do ksi\u0105\u017cek wsp\u00f3\u0142czesnych &#8211; ksi\u0105\u017cki m\u00f3wionej &#8211; audiobooka i ksi\u0105\u017cki elektronicznej &#8211; e-booka, form obecnie bardzo popularnych. Pami\u0119tajmy jednak o ksi\u0105\u017ckach w formie papierowej, kt\u00f3re maj\u0105 szczeg\u00f3lny charakter, a spotkania z nimi s\u0105 nieocenione.<\/p>\n\n\n\n<p>Organizator\/Foto: Zdj\u0119cie wykonano aparatem fotograficznym Canon w ramach programu ,,Laboratoria Przysz\u0142o\u015bci&#8221;: Agnieszka Kaszewska<\/p>\n\n\n<div class=\"wp-block-image\">\n<figure class=\"aligncenter size-full\"><img decoding=\"async\" src=\"http:\/\/www.zssgorkabusko.pl\/wp-content\/uploads\/2024\/12\/IMG_20241129_165504127_HDR.jpg\" alt=\"\" class=\"wp-image-9363\"\/><\/figure><\/div>","protected":false},"excerpt":{"rendered":"<p>Zgodnie z zaplanowanymi dzia\u0142aniami zwi\u0105zanymi z realizacj\u0105 Narodowego Programu Rozwoju Czytelnictwa uczniowie Zespo\u0142u uczestniczyli w lekcjach bibliotecznych. Jedn\u0105 z nich przeprowadzi\u0142a Pani Agnieszka Jasi\u0144ska, kierownik Pedagogicznej Biblioteki Wojew\u00f3dzkiej w Kielcach Filii w Busku-Zdroju.&nbsp; Podczas spotkania zosta\u0142 om\u00f3wiony temat dotycz\u0105cy powstania ksi\u0105\u017cki pocz\u0105wszy od ksi\u0105\u017cki r\u0119kopi\u015bmiennej, a\u017c do powstania ksi\u0105\u017cki wsp\u00f3\u0142czesnej. Uczniowie z zainteresowaniem wys\u0142uchali opowiadania &#8230; <a title=\"LEKCJA BIBLIOTECZNA PRZEPROWADZONA W RAMACH REALIZOWANEGO PROGRAMU ROZWOJU CZYTELNICTWA\" class=\"read-more\" href=\"https:\/\/www.zssgorkabusko.pl\/index.php\/2024\/12\/15\/lekcja-biblioteczna-przeprowadzona-w-ramach-realizowanego-programu-rozwoju-czytelnictwa\/\" aria-label=\"Dowiedz si\u0119 wi\u0119cej o LEKCJA BIBLIOTECZNA PRZEPROWADZONA W RAMACH REALIZOWANEGO PROGRAMU ROZWOJU CZYTELNICTWA\">Dowiedz si\u0119 wi\u0119cej<\/a><\/p>\n","protected":false},"author":2,"featured_media":0,"comment_status":"closed","ping_status":"open","sticky":false,"template":"","format":"standard","meta":{"ngg_post_thumbnail":0,"footnotes":""},"categories":[1],"tags":[],"class_list":["post-9360","post","type-post","status-publish","format-standard","hentry","category-bez-kategorii"],"_links":{"self":[{"href":"https:\/\/www.zssgorkabusko.pl\/index.php\/wp-json\/wp\/v2\/posts\/9360","targetHints":{"allow":["GET"]}}],"collection":[{"href":"https:\/\/www.zssgorkabusko.pl\/index.php\/wp-json\/wp\/v2\/posts"}],"about":[{"href":"https:\/\/www.zssgorkabusko.pl\/index.php\/wp-json\/wp\/v2\/types\/post"}],"author":[{"embeddable":true,"href":"https:\/\/www.zssgorkabusko.pl\/index.php\/wp-json\/wp\/v2\/users\/2"}],"replies":[{"embeddable":true,"href":"https:\/\/www.zssgorkabusko.pl\/index.php\/wp-json\/wp\/v2\/comments?post=9360"}],"version-history":[{"count":5,"href":"https:\/\/www.zssgorkabusko.pl\/index.php\/wp-json\/wp\/v2\/posts\/9360\/revisions"}],"predecessor-version":[{"id":10613,"href":"https:\/\/www.zssgorkabusko.pl\/index.php\/wp-json\/wp\/v2\/posts\/9360\/revisions\/10613"}],"wp:attachment":[{"href":"https:\/\/www.zssgorkabusko.pl\/index.php\/wp-json\/wp\/v2\/media?parent=9360"}],"wp:term":[{"taxonomy":"category","embeddable":true,"href":"https:\/\/www.zssgorkabusko.pl\/index.php\/wp-json\/wp\/v2\/categories?post=9360"},{"taxonomy":"post_tag","embeddable":true,"href":"https:\/\/www.zssgorkabusko.pl\/index.php\/wp-json\/wp\/v2\/tags?post=9360"}],"curies":[{"name":"wp","href":"https:\/\/api.w.org\/{rel}","templated":true}]}}