{"id":9467,"date":"2025-01-20T17:11:18","date_gmt":"2025-01-20T16:11:18","guid":{"rendered":"http:\/\/www.zssgorkabusko.pl\/?p=9467"},"modified":"2025-01-20T17:12:10","modified_gmt":"2025-01-20T16:12:10","slug":"zasady-pierwszej-pomocy-przedmedycznej-i-bezpieczenstwa-podczas-ferii-zimowych","status":"publish","type":"post","link":"https:\/\/www.zssgorkabusko.pl\/index.php\/2025\/01\/20\/zasady-pierwszej-pomocy-przedmedycznej-i-bezpieczenstwa-podczas-ferii-zimowych\/","title":{"rendered":"ZASADY PIERWSZEJ POMOCY PRZEDMEDYCZNEJ I BEZPIECZE\u0143STWA PODCZAS FERII ZIMOWYCH"},"content":{"rendered":"\n<p>Dnia 16 stycznia 2025r w Zespole Szk\u00f3\u0142 Specjalnych odby\u0142o si\u0119 spotkanie z m\u0142.asp. Marcinem Str\u00f3zikiem przedstawicielem Pa\u0144stwowej Stra\u017cy Po\u017carnej w Busku-Zdroju. Tematem spotkania <br>by\u0142o bezpiecze\u0144stwo w czasie ferii zimowych. Odby\u0142y si\u0119 r\u00f3wnie\u017c zaj\u0119cia z udzielaniem pierwszej pomocy przedmedycznej, w kt\u00f3rej wzi\u0119li udzia\u0142 uczniowie wszystkich klas. Wiele emocji wzbudzi\u0142 pokaz czynno\u015bci z zakresu resuscytacji wykonany na fantomie. Uczniowie mogli r\u00f3wnie\u017c <br>wykaza\u0107 si\u0119 praktyczn\u0105 znajomo\u015bci\u0105 udzielania pierwszej pomocy. <\/p>\n\n\n\n<p>Organizator\/Foto: Zdj\u0119cia wykonano aparatem fotograficznym Canon w ramach programu ,,Laboratoria Przysz\u0142o\u015bci: Anna Fr\u0105czkiewicz<\/p>\n\n\n\nngg_shortcode_0_placeholder\n","protected":false},"excerpt":{"rendered":"<p>Dnia 16 stycznia 2025r w Zespole Szk\u00f3\u0142 Specjalnych odby\u0142o si\u0119 spotkanie z m\u0142.asp. Marcinem Str\u00f3zikiem przedstawicielem Pa\u0144stwowej Stra\u017cy Po\u017carnej w Busku-Zdroju. Tematem spotkania by\u0142o bezpiecze\u0144stwo w czasie ferii zimowych. Odby\u0142y si\u0119 r\u00f3wnie\u017c zaj\u0119cia z udzielaniem pierwszej pomocy przedmedycznej, w kt\u00f3rej wzi\u0119li udzia\u0142 uczniowie wszystkich klas. Wiele emocji wzbudzi\u0142 pokaz czynno\u015bci z zakresu resuscytacji wykonany na &#8230; <a title=\"ZASADY PIERWSZEJ POMOCY PRZEDMEDYCZNEJ I BEZPIECZE\u0143STWA PODCZAS FERII ZIMOWYCH\" class=\"read-more\" href=\"https:\/\/www.zssgorkabusko.pl\/index.php\/2025\/01\/20\/zasady-pierwszej-pomocy-przedmedycznej-i-bezpieczenstwa-podczas-ferii-zimowych\/\" aria-label=\"Dowiedz si\u0119 wi\u0119cej o ZASADY PIERWSZEJ POMOCY PRZEDMEDYCZNEJ I BEZPIECZE\u0143STWA PODCZAS FERII ZIMOWYCH\">Dowiedz si\u0119 wi\u0119cej<\/a><\/p>\n","protected":false},"author":2,"featured_media":0,"comment_status":"closed","ping_status":"open","sticky":false,"template":"","format":"standard","meta":{"ngg_post_thumbnail":0,"footnotes":""},"categories":[1],"tags":[],"class_list":["post-9467","post","type-post","status-publish","format-standard","hentry","category-bez-kategorii"],"_links":{"self":[{"href":"https:\/\/www.zssgorkabusko.pl\/index.php\/wp-json\/wp\/v2\/posts\/9467","targetHints":{"allow":["GET"]}}],"collection":[{"href":"https:\/\/www.zssgorkabusko.pl\/index.php\/wp-json\/wp\/v2\/posts"}],"about":[{"href":"https:\/\/www.zssgorkabusko.pl\/index.php\/wp-json\/wp\/v2\/types\/post"}],"author":[{"embeddable":true,"href":"https:\/\/www.zssgorkabusko.pl\/index.php\/wp-json\/wp\/v2\/users\/2"}],"replies":[{"embeddable":true,"href":"https:\/\/www.zssgorkabusko.pl\/index.php\/wp-json\/wp\/v2\/comments?post=9467"}],"version-history":[{"count":4,"href":"https:\/\/www.zssgorkabusko.pl\/index.php\/wp-json\/wp\/v2\/posts\/9467\/revisions"}],"predecessor-version":[{"id":9471,"href":"https:\/\/www.zssgorkabusko.pl\/index.php\/wp-json\/wp\/v2\/posts\/9467\/revisions\/9471"}],"wp:attachment":[{"href":"https:\/\/www.zssgorkabusko.pl\/index.php\/wp-json\/wp\/v2\/media?parent=9467"}],"wp:term":[{"taxonomy":"category","embeddable":true,"href":"https:\/\/www.zssgorkabusko.pl\/index.php\/wp-json\/wp\/v2\/categories?post=9467"},{"taxonomy":"post_tag","embeddable":true,"href":"https:\/\/www.zssgorkabusko.pl\/index.php\/wp-json\/wp\/v2\/tags?post=9467"}],"curies":[{"name":"wp","href":"https:\/\/api.w.org\/{rel}","templated":true}]}}