{"id":9472,"date":"2025-01-20T17:34:46","date_gmt":"2025-01-20T16:34:46","guid":{"rendered":"http:\/\/www.zssgorkabusko.pl\/?p=9472"},"modified":"2025-01-20T17:34:47","modified_gmt":"2025-01-20T16:34:47","slug":"swiatowy-dzien-sniegu-16-01-2025","status":"publish","type":"post","link":"https:\/\/www.zssgorkabusko.pl\/index.php\/2025\/01\/20\/swiatowy-dzien-sniegu-16-01-2025\/","title":{"rendered":"\u015aWIATOWY DZIE\u0143 \u015aNIEGU 16.01.2025"},"content":{"rendered":"\n<p>Ka\u017cdego roku w styczniu mieszka\u0144cy blisko 40 kraj\u00f3w uczestnicz\u0105 w imprezach na wolnym powietrzu. Pierwsze obchody \u015awiatowego Dnia \u015aniegu odby\u0142y si\u0119 w 2012 roku w ramach kampanii Mi\u0119dzynarodowej Federacji Narciarskiej ,,Bring children to the Snow\u201d <br>(pol. Przyprowad\u017amy dzieci na \u015bnieg). Ide\u0105 akcji jest ch\u0119\u0107 zwi\u0119kszenia zainteresowania sportami zimowymi m\u0142odego pokolenia. &nbsp;Polska stolica Tatr Zakopane przyci\u0105ga amator\u00f3w i entuzjast\u00f3w wszelkich form sport\u00f3w zimowych. A wszystko to w duchu aktywnego, zdrowego i bezpiecznego wypoczynku. Na ch\u0119tnych czeka kalejdoskop atrakcji i niespodzianek, a przede wszystkim zabawa i edukacja zwi\u0105zana ze \u015bniegiem. Wychowankowie w ramach pozalekcyjnych zaj\u0119\u0107 wychowawczych rozwi\u0105zywali rebusy, quizy, okre\u015blali w\u0142a\u015bciwo\u015bci \u015bniegu. Zaprezentowali \u015bniegowe gwiazdki, weso\u0142ego ba\u0142wana. Kreatywne zabawy integrowa\u0142y grup\u0119, wzmacnia\u0142y jej mocne strony a przede wszystkim wyzwala\u0142y pozytywne emocje.<\/p>\n\n\n\n<p>Organizator\/Foto.: Zdj\u0119cia wykonano aparatem fotograficznym Canon w ramach programu ,,Laboratoria Przysz\u0142o\u015bci&#8221;: Anna Mazur, Ewa Tomala, Dorota J\u00f3zefiak<\/p>\n\n\n\nngg_shortcode_0_placeholder\n","protected":false},"excerpt":{"rendered":"<p>Ka\u017cdego roku w styczniu mieszka\u0144cy blisko 40 kraj\u00f3w uczestnicz\u0105 w imprezach na wolnym powietrzu. Pierwsze obchody \u015awiatowego Dnia \u015aniegu odby\u0142y si\u0119 w 2012 roku w ramach kampanii Mi\u0119dzynarodowej Federacji Narciarskiej ,,Bring children to the Snow\u201d (pol. Przyprowad\u017amy dzieci na \u015bnieg). Ide\u0105 akcji jest ch\u0119\u0107 zwi\u0119kszenia zainteresowania sportami zimowymi m\u0142odego pokolenia. &nbsp;Polska stolica Tatr Zakopane przyci\u0105ga &#8230; <a title=\"\u015aWIATOWY DZIE\u0143 \u015aNIEGU 16.01.2025\" class=\"read-more\" href=\"https:\/\/www.zssgorkabusko.pl\/index.php\/2025\/01\/20\/swiatowy-dzien-sniegu-16-01-2025\/\" aria-label=\"Dowiedz si\u0119 wi\u0119cej o \u015aWIATOWY DZIE\u0143 \u015aNIEGU 16.01.2025\">Dowiedz si\u0119 wi\u0119cej<\/a><\/p>\n","protected":false},"author":2,"featured_media":0,"comment_status":"closed","ping_status":"open","sticky":false,"template":"","format":"standard","meta":{"ngg_post_thumbnail":0,"footnotes":""},"categories":[1],"tags":[],"class_list":["post-9472","post","type-post","status-publish","format-standard","hentry","category-bez-kategorii"],"_links":{"self":[{"href":"https:\/\/www.zssgorkabusko.pl\/index.php\/wp-json\/wp\/v2\/posts\/9472","targetHints":{"allow":["GET"]}}],"collection":[{"href":"https:\/\/www.zssgorkabusko.pl\/index.php\/wp-json\/wp\/v2\/posts"}],"about":[{"href":"https:\/\/www.zssgorkabusko.pl\/index.php\/wp-json\/wp\/v2\/types\/post"}],"author":[{"embeddable":true,"href":"https:\/\/www.zssgorkabusko.pl\/index.php\/wp-json\/wp\/v2\/users\/2"}],"replies":[{"embeddable":true,"href":"https:\/\/www.zssgorkabusko.pl\/index.php\/wp-json\/wp\/v2\/comments?post=9472"}],"version-history":[{"count":5,"href":"https:\/\/www.zssgorkabusko.pl\/index.php\/wp-json\/wp\/v2\/posts\/9472\/revisions"}],"predecessor-version":[{"id":9482,"href":"https:\/\/www.zssgorkabusko.pl\/index.php\/wp-json\/wp\/v2\/posts\/9472\/revisions\/9482"}],"wp:attachment":[{"href":"https:\/\/www.zssgorkabusko.pl\/index.php\/wp-json\/wp\/v2\/media?parent=9472"}],"wp:term":[{"taxonomy":"category","embeddable":true,"href":"https:\/\/www.zssgorkabusko.pl\/index.php\/wp-json\/wp\/v2\/categories?post=9472"},{"taxonomy":"post_tag","embeddable":true,"href":"https:\/\/www.zssgorkabusko.pl\/index.php\/wp-json\/wp\/v2\/tags?post=9472"}],"curies":[{"name":"wp","href":"https:\/\/api.w.org\/{rel}","templated":true}]}}