{"id":9483,"date":"2025-01-20T17:53:19","date_gmt":"2025-01-20T16:53:19","guid":{"rendered":"http:\/\/www.zssgorkabusko.pl\/?p=9483"},"modified":"2025-01-20T17:53:21","modified_gmt":"2025-01-20T16:53:21","slug":"spotkanie-z-panem-profesorem-krzysztofem-bieleckim","status":"publish","type":"post","link":"https:\/\/www.zssgorkabusko.pl\/index.php\/2025\/01\/20\/spotkanie-z-panem-profesorem-krzysztofem-bieleckim\/","title":{"rendered":"SPOTKANIE\u00a0Z\u00a0PANEM\u00a0PROFESOREM KRZYSZTOFEM BIELECKIM"},"content":{"rendered":"\n<p>Dnia 18 stycznia 2025r wychowankowie specjalnych grup wychowawczych wzi\u0119li udzia\u0142 <br>w spotkaniu z panem profesorem Krzysztofem Bieleckim ,,\u015apiewa\u0107 ka\u017cdy mo\u017ce&#8221;, kt\u00f3re odby\u0142o si\u0119 w domu Zdrojowym. Profesor zaprosi\u0142 zgromadzonych go\u015bci do wsp\u00f3lnego \u015bpiewania. <br>W czasie przerwy opowiada\u0142 r\u00f3\u017cne, zabawne dowcipy. Spotkanie up\u0142yn\u0119\u0142o w mi\u0142ej atmosferze. Na zako\u0144czenie wychowankowie stan\u0119li do wsp\u00f3lnego zdj\u0119cia.<\/p>\n\n\n\n<p>Organizator\/Foto: Zdj\u0119cia wykonano aparatem fotograficznym Canon w ramach programu ,,Laboratoria Przysz\u0142o\u015bci&#8221;: Anna Fr\u0105czkiewicz<\/p>\n\n\n\nngg_shortcode_0_placeholder\n","protected":false},"excerpt":{"rendered":"<p>Dnia 18 stycznia 2025r wychowankowie specjalnych grup wychowawczych wzi\u0119li udzia\u0142 w spotkaniu z panem profesorem Krzysztofem Bieleckim ,,\u015apiewa\u0107 ka\u017cdy mo\u017ce&#8221;, kt\u00f3re odby\u0142o si\u0119 w domu Zdrojowym. Profesor zaprosi\u0142 zgromadzonych go\u015bci do wsp\u00f3lnego \u015bpiewania. W czasie przerwy opowiada\u0142 r\u00f3\u017cne, zabawne dowcipy. Spotkanie up\u0142yn\u0119\u0142o w mi\u0142ej atmosferze. Na zako\u0144czenie wychowankowie stan\u0119li do wsp\u00f3lnego zdj\u0119cia. Organizator\/Foto: Zdj\u0119cia wykonano &#8230; <a title=\"SPOTKANIE\u00a0Z\u00a0PANEM\u00a0PROFESOREM KRZYSZTOFEM BIELECKIM\" class=\"read-more\" href=\"https:\/\/www.zssgorkabusko.pl\/index.php\/2025\/01\/20\/spotkanie-z-panem-profesorem-krzysztofem-bieleckim\/\" aria-label=\"Dowiedz si\u0119 wi\u0119cej o SPOTKANIE\u00a0Z\u00a0PANEM\u00a0PROFESOREM KRZYSZTOFEM BIELECKIM\">Dowiedz si\u0119 wi\u0119cej<\/a><\/p>\n","protected":false},"author":2,"featured_media":0,"comment_status":"closed","ping_status":"open","sticky":false,"template":"","format":"standard","meta":{"ngg_post_thumbnail":0,"footnotes":""},"categories":[1],"tags":[],"class_list":["post-9483","post","type-post","status-publish","format-standard","hentry","category-bez-kategorii"],"_links":{"self":[{"href":"https:\/\/www.zssgorkabusko.pl\/index.php\/wp-json\/wp\/v2\/posts\/9483","targetHints":{"allow":["GET"]}}],"collection":[{"href":"https:\/\/www.zssgorkabusko.pl\/index.php\/wp-json\/wp\/v2\/posts"}],"about":[{"href":"https:\/\/www.zssgorkabusko.pl\/index.php\/wp-json\/wp\/v2\/types\/post"}],"author":[{"embeddable":true,"href":"https:\/\/www.zssgorkabusko.pl\/index.php\/wp-json\/wp\/v2\/users\/2"}],"replies":[{"embeddable":true,"href":"https:\/\/www.zssgorkabusko.pl\/index.php\/wp-json\/wp\/v2\/comments?post=9483"}],"version-history":[{"count":6,"href":"https:\/\/www.zssgorkabusko.pl\/index.php\/wp-json\/wp\/v2\/posts\/9483\/revisions"}],"predecessor-version":[{"id":9494,"href":"https:\/\/www.zssgorkabusko.pl\/index.php\/wp-json\/wp\/v2\/posts\/9483\/revisions\/9494"}],"wp:attachment":[{"href":"https:\/\/www.zssgorkabusko.pl\/index.php\/wp-json\/wp\/v2\/media?parent=9483"}],"wp:term":[{"taxonomy":"category","embeddable":true,"href":"https:\/\/www.zssgorkabusko.pl\/index.php\/wp-json\/wp\/v2\/categories?post=9483"},{"taxonomy":"post_tag","embeddable":true,"href":"https:\/\/www.zssgorkabusko.pl\/index.php\/wp-json\/wp\/v2\/tags?post=9483"}],"curies":[{"name":"wp","href":"https:\/\/api.w.org\/{rel}","templated":true}]}}