{"id":963,"date":"2017-10-27T20:17:40","date_gmt":"2017-10-27T18:17:40","guid":{"rendered":"http:\/\/www.zssgorkabusko.pl\/?p=963"},"modified":"2017-10-27T20:21:16","modified_gmt":"2017-10-27T18:21:16","slug":"lekcja-o-samorzadzie","status":"publish","type":"post","link":"https:\/\/www.zssgorkabusko.pl\/index.php\/2017\/10\/27\/lekcja-o-samorzadzie\/","title":{"rendered":"LEKCJA O SAMORZ\u0104DZIE"},"content":{"rendered":"<p>Uczniowie naszej szko\u0142y dn. 27.10.2017r. wzi\u0119li udzia\u0142 w <em>,,lekcji o samorz\u0105dzie\u201d<\/em> zorganizowanej przez Biuro Komunikacji Spo\u0142ecznej Urz\u0119du Marsza\u0142kowskiego Wojew\u00f3dztwa \u015awi\u0119tokrzyskiego pod has\u0142em <em>\u201eObywatelem by\u0107, to znaczy&#8230;&#8221;.<\/em><\/p>\n<p>Z m\u0142odzie\u017c\u0105 w siedzibie Starostwa Powiatowego w Busku- Zdroju spotka\u0142 si\u0119 Marsza\u0142ek Wojew\u00f3dztwa \u015awi\u0119tokrzyskiego Adam Jarubas, Starosta Powiatu Buskiego Jerzy Kolarz i Wicestarosta Stanis\u0142aw Klimczak.<\/p>\n<p>Spotkanie poprowadzi\u0142 <strong>Marek Jarco<\/strong> z Biura Komunikacji Spo\u0142ecznej Urz\u0119du Marsza\u0142kowskiego, kt\u00f3ry przybli\u017cy\u0142 m\u0142odzie\u017cy m.in. jak funkcjonuj\u0105 poszczeg\u00f3lne jednostki samorz\u0105du terytorialnego, w jaki spos\u00f3b wybierani s\u0105 radni oraz jakie s\u0105 ich zadania. Przedstawiciele struktur samorz\u0105dowych zach\u0119cali m\u0142odzie\u017c do troski o ich <em>,,Ma\u0142\u0105 Ojczyzn\u0119\u201d<\/em> i udzia\u0142u w \u017cyciu spo\u0142ecznym i samorz\u0105dowym.<\/p>\n<p>&nbsp; Spotkanie by\u0142o tak\u017ce okazj\u0105 do zaprezentowania bardzo wa\u017cnego dokumentu jakim jest akt potwierdzaj\u0105cy powstanie powiatu buskiego w 1999 roku.<\/p>\n<p>Uczniowie mogli zadawa\u0107 pytania prowadz\u0105cemu oraz obecnym na sali marsza\u0142kowi, staro\u015bcie i wicestaro\u015bcie.<\/p>\n<p style=\"text-align: right;\">Agnieszka Mierzwi\u0144ska-Mruga\u0142a, Ewa Tomala<\/p>\nngg_shortcode_0_placeholder\n","protected":false},"excerpt":{"rendered":"<p>Uczniowie naszej szko\u0142y dn. 27.10.2017r. wzi\u0119li udzia\u0142 w ,,lekcji o samorz\u0105dzie\u201d zorganizowanej przez Biuro Komunikacji Spo\u0142ecznej Urz\u0119du Marsza\u0142kowskiego Wojew\u00f3dztwa \u015awi\u0119tokrzyskiego pod has\u0142em \u201eObywatelem by\u0107, to znaczy&#8230;&#8221;. Z m\u0142odzie\u017c\u0105 w siedzibie Starostwa Powiatowego w Busku- Zdroju spotka\u0142 si\u0119 Marsza\u0142ek Wojew\u00f3dztwa \u015awi\u0119tokrzyskiego Adam Jarubas, Starosta Powiatu Buskiego Jerzy Kolarz i Wicestarosta Stanis\u0142aw Klimczak. Spotkanie poprowadzi\u0142 Marek Jarco &#8230; <a title=\"LEKCJA O SAMORZ\u0104DZIE\" class=\"read-more\" href=\"https:\/\/www.zssgorkabusko.pl\/index.php\/2017\/10\/27\/lekcja-o-samorzadzie\/\" aria-label=\"Dowiedz si\u0119 wi\u0119cej o LEKCJA O SAMORZ\u0104DZIE\">Dowiedz si\u0119 wi\u0119cej<\/a><\/p>\n","protected":false},"author":2,"featured_media":0,"comment_status":"closed","ping_status":"open","sticky":false,"template":"","format":"standard","meta":{"ngg_post_thumbnail":0,"footnotes":""},"categories":[1],"tags":[],"class_list":["post-963","post","type-post","status-publish","format-standard","hentry","category-bez-kategorii"],"_links":{"self":[{"href":"https:\/\/www.zssgorkabusko.pl\/index.php\/wp-json\/wp\/v2\/posts\/963","targetHints":{"allow":["GET"]}}],"collection":[{"href":"https:\/\/www.zssgorkabusko.pl\/index.php\/wp-json\/wp\/v2\/posts"}],"about":[{"href":"https:\/\/www.zssgorkabusko.pl\/index.php\/wp-json\/wp\/v2\/types\/post"}],"author":[{"embeddable":true,"href":"https:\/\/www.zssgorkabusko.pl\/index.php\/wp-json\/wp\/v2\/users\/2"}],"replies":[{"embeddable":true,"href":"https:\/\/www.zssgorkabusko.pl\/index.php\/wp-json\/wp\/v2\/comments?post=963"}],"version-history":[{"count":4,"href":"https:\/\/www.zssgorkabusko.pl\/index.php\/wp-json\/wp\/v2\/posts\/963\/revisions"}],"predecessor-version":[{"id":977,"href":"https:\/\/www.zssgorkabusko.pl\/index.php\/wp-json\/wp\/v2\/posts\/963\/revisions\/977"}],"wp:attachment":[{"href":"https:\/\/www.zssgorkabusko.pl\/index.php\/wp-json\/wp\/v2\/media?parent=963"}],"wp:term":[{"taxonomy":"category","embeddable":true,"href":"https:\/\/www.zssgorkabusko.pl\/index.php\/wp-json\/wp\/v2\/categories?post=963"},{"taxonomy":"post_tag","embeddable":true,"href":"https:\/\/www.zssgorkabusko.pl\/index.php\/wp-json\/wp\/v2\/tags?post=963"}],"curies":[{"name":"wp","href":"https:\/\/api.w.org\/{rel}","templated":true}]}}